{"id":40563,"date":"2024-09-22T20:35:33","date_gmt":"2024-09-22T20:35:33","guid":{"rendered":"https:\/\/tvbrazilusa.com\/2024\/09\/22\/mesmo-sendo-aliado-o-deputado-andre-janones-vira-pedra-no-sapato-da-esquerda\/"},"modified":"2024-09-22T20:35:35","modified_gmt":"2024-09-22T20:35:35","slug":"mesmo-sendo-aliado-o-deputado-andre-janones-vira-pedra-no-sapato-da-esquerda","status":"publish","type":"post","link":"https:\/\/tvbrazilusa.com\/pt\/2024\/09\/22\/mesmo-sendo-aliado-o-deputado-andre-janones-vira-pedra-no-sapato-da-esquerda\/","title":{"rendered":"Mesmo sendo aliado, o deputado Andr\u00e9 Janones vira &#8216;pedra no sapato&#8217; da esquerda"},"content":{"rendered":"<p> <script async src=\"https:\/\/pagead2.googlesyndication.com\/pagead\/js\/adsbygoogle.js?client=ca-pub-8864793242727901\"\r\n     crossorigin=\"anonymous\"><\/script><br \/>\n<\/p>\n<div id=\"taboola-read-more\" style=\"display:block; width:100%\">\n<p>A barulhenta greve dos caminhoneiros de 2018 teve como um de seus protagonistas um jovem advogado de Minas Gerais, ex-cobrador de \u00f4nibus, que viralizou nas redes sociais ao fazer v\u00eddeos da paralisa\u00e7\u00e3o, defendendo o movimento e atacando o ent\u00e3o presidente Michel Temer. A atua\u00e7\u00e3o transformou Andr\u00e9 Janones em um fen\u00f4meno das redes sociais \u2014 tem 11 milh\u00f5es de seguidores \u2014 e o levou \u00e0 C\u00e2mara dos Deputados, com 178\u2009660 votos, n\u00famero expressivo para uma estreia em cargo eletivo. Filiado ao PT por dez anos, migrou para o Avante e, embora tivesse sido eleito com o discurso de n\u00e3o ser nem de esquerda nem de direita, alinhou-se com a oposi\u00e7\u00e3o a Jair Bolsonaro. Em 2022, lan\u00e7ou-se pr\u00e9-candidato \u00e0 Presid\u00eancia da Rep\u00fablica e chegou a pontuar nas pesquisas acima de pol\u00edticos como Jo\u00e3o Doria e Eduardo Leite. Desistiu, abra\u00e7ou Lula e se engajou como um dos maiores guerrilheiros digitais da campanha, travando a guerra suja com o bolsonarismo na internet. Sua import\u00e2ncia foi tamanha que chegou a ser cogitado para ministro da Secretaria de Comunica\u00e7\u00e3o Social (Secom).\n<\/p>\n<p>A queda foi t\u00e3o r\u00e1pida quanto a ascens\u00e3o, sendo que o mais recente cap\u00edtulo da derrocada do parlamentar veio por conta da Pol\u00edcia Federal, que o apontou como c\u00e9rebro de um esquema de rachadinha no seu gabinete. As evid\u00eancias contra Janones levantadas pela PF s\u00e3o muitas. O deputado foi indiciado pelos crimes de associa\u00e7\u00e3o criminosa, peculato e corrup\u00e7\u00e3o passiva. Dois ex-assessores, Alisson Alves Camargos e M\u00e1rio Celestino da Silva J\u00fanior, tamb\u00e9m tiveram responsabilidades apontadas.<\/p>\n<p>Segundo a investiga\u00e7\u00e3o, a rachadinha de Janones era organizada em duas frentes operacionais. Em uma delas, Silva J\u00fanior teria emitido um cart\u00e3o de cr\u00e9dito adicional em nome do chefe e pagava as faturas com parte de seu sal\u00e1rio. \u201cO \u00fanico objetivo era repassar parte de sua remunera\u00e7\u00e3o para o parlamentar\u201d, diz trecho do relat\u00f3rio (veja o documento). A outra frente, utilizada por Camargos, era mais tradicional: ele teria feito sucessivos saques de 1\u2009500 reais em esp\u00e9cie, logo que seu sal\u00e1rio ca\u00eda na conta, o que a PF chamou de \u201cpadr\u00e3o comportamental\u201d t\u00edpico das rachadinhas.\n<\/p>\n<p><strong>AS CONCLUS\u00d5ES DA POL\u00cdCIA<\/strong>\n<\/p>\n<p>Leia trechos do indiciamento do deputado federal\n<\/p>\n<\/p>\n<p>Do come\u00e7o do primeiro mandato de Janones na C\u00e2mara at\u00e9 meados de 2023, Silva J\u00fanior pagou 1\u2009169\u2009592 reais em faturas de cart\u00e3o de cr\u00e9dito, enquanto declarou 940\u2009190 reais de renda. Segundo a pol\u00edcia, os gastos coincidem com agendas de Janones e lugares em que o parlamentar esteve. Al\u00e9m disso, parte dessas despesas teria sido reembolsada pela C\u00e2mara. Semanas antes de Camargos come\u00e7ar os saques e meses antes de Silva J\u00fanior emitir o cart\u00e3o em nome de Janones, houve uma reuni\u00e3o na qual o deputado pediu aos assessores que devolvessem parte dos sal\u00e1rios para custear despesas das elei\u00e7\u00f5es. A grava\u00e7\u00e3o, revelada em outubro de 2023, mostra que haveria, de um lado, a \u201ccoa\u00e7\u00e3o\u201d praticada pelo chefe e, de outro, os servidores entregando a ele parte de seus sal\u00e1rios. Quando o caso veio \u00e0 tona, Janones admitiu a autoria do \u00e1udio, abriu m\u00e3o de seus sigilos e bateu no peito para afirmar a sua inoc\u00eancia.\n<\/p>\n<p>A bravata murchou com o tempo. \u201cAndr\u00e9 Janones \u00e9 o eixo central em torno do qual toda a engrenagem criminosa gira\u201d, diz o delegado Roberto Santos Costa no relat\u00f3rio da PF. Por isso, hoje impera um constrangido sil\u00eancio, tanto da parte dele quanto de seus aliados na C\u00e2mara e no governo. Quem se arriscou a defend\u00ea-lo, ficou com a imagem manchada. Em junho, o Conselho de \u00c9tica desistiu de cass\u00e1-lo, acolhendo um parecer do deputado federal Guilherme Boulos (PSOL-SP), o que gera ao aliado sucessivas cobran\u00e7as de seus advers\u00e1rios na campanha pela prefeitura de S\u00e3o Paulo.\n<\/p>\n<p>Para o PT, em particular, o parceiro da \u00faltima elei\u00e7\u00e3o transformou-\u00adse em um aliado inc\u00f4modo. A oposi\u00e7\u00e3o cobra, com insist\u00eancia, declara\u00e7\u00f5es e atitudes t\u00e3o veementes quando as da \u00e9poca em que o partido atacou as suspeitas de rachadinha do senador Fl\u00e1vio Bolsonaro (PL-RJ). Sem muitos argumentos para defender Janones, parlamentares fogem hoje da imprensa quando se toca no nome do enrolado deputado. Procurado pela reportagem de VEJA para falar sobre o relat\u00f3rio da PF, Janones n\u00e3o retornou os pedidos de entrevista. O caso da rachadinha ir\u00e1 para a Procuradoria-\u00adGeral da Rep\u00fablica, que vai decidir se oferece den\u00fancia ao Supremo Tribunal Federal. Apesar de a Corte nunca ter condenado ningu\u00e9m por esse motivo e n\u00e3o existir jurisprud\u00eancia sobre sua tipifica\u00e7\u00e3o penal, vai ser dif\u00edcil ignorar a fartura de provas colhidas pela Pol\u00edcia Federal no curso dessa investiga\u00e7\u00e3o.\n<\/p>\n<p>Fonte: Veja\n<\/p>\n<\/div>\n<p><br \/>\n<br \/><a href=\"https:\/\/diariodobrasilnoticias.com.br\/noticia\/mesmo-sendo-aliado-o-deputado-andre-janones-vira-pedra-no-sapato-da-esquerda-66f0356b91b1b\">Source link <\/a><\/p>","protected":false},"excerpt":{"rendered":"<p>A barulhenta greve dos caminhoneiros de 2018 teve como um de seus protagonistas um jovem advogado de Minas Gerais, ex-cobrador de \u00f4nibus, que viralizou nas redes sociais ao fazer v\u00eddeos&hellip;<\/p>","protected":false},"author":1,"featured_media":40564,"comment_status":"closed","ping_status":"open","sticky":false,"template":"","format":"standard","meta":{"content-type":"","footnotes":""},"categories":[16],"tags":[123,2448,5313,1267],"class_list":["post-40563","post","type-post","status-publish","format-standard","has-post-thumbnail","hentry","category-noticias","tag-brasil","tag-diario","tag-noticia","tag-noticias"],"_links":{"self":[{"href":"https:\/\/tvbrazilusa.com\/pt\/wp-json\/wp\/v2\/posts\/40563","targetHints":{"allow":["GET"]}}],"collection":[{"href":"https:\/\/tvbrazilusa.com\/pt\/wp-json\/wp\/v2\/posts"}],"about":[{"href":"https:\/\/tvbrazilusa.com\/pt\/wp-json\/wp\/v2\/types\/post"}],"author":[{"embeddable":true,"href":"https:\/\/tvbrazilusa.com\/pt\/wp-json\/wp\/v2\/users\/1"}],"replies":[{"embeddable":true,"href":"https:\/\/tvbrazilusa.com\/pt\/wp-json\/wp\/v2\/comments?post=40563"}],"version-history":[{"count":1,"href":"https:\/\/tvbrazilusa.com\/pt\/wp-json\/wp\/v2\/posts\/40563\/revisions"}],"predecessor-version":[{"id":40565,"href":"https:\/\/tvbrazilusa.com\/pt\/wp-json\/wp\/v2\/posts\/40563\/revisions\/40565"}],"wp:featuredmedia":[{"embeddable":true,"href":"https:\/\/tvbrazilusa.com\/pt\/wp-json\/wp\/v2\/media\/40564"}],"wp:attachment":[{"href":"https:\/\/tvbrazilusa.com\/pt\/wp-json\/wp\/v2\/media?parent=40563"}],"wp:term":[{"taxonomy":"category","embeddable":true,"href":"https:\/\/tvbrazilusa.com\/pt\/wp-json\/wp\/v2\/categories?post=40563"},{"taxonomy":"post_tag","embeddable":true,"href":"https:\/\/tvbrazilusa.com\/pt\/wp-json\/wp\/v2\/tags?post=40563"}],"curies":[{"name":"wp","href":"https:\/\/api.w.org\/{rel}","templated":true}]}}