{"id":40569,"date":"2024-09-22T20:49:39","date_gmt":"2024-09-22T20:49:39","guid":{"rendered":"https:\/\/tvbrazilusa.com\/2024\/09\/22\/medica-cearense-odiada-pela-esquerda-assume-cadeira-na-camara-federal-capita-cloroquina\/"},"modified":"2024-09-22T20:49:40","modified_gmt":"2024-09-22T20:49:40","slug":"medica-cearense-odiada-pela-esquerda-assume-cadeira-na-camara-federal-capita-cloroquina","status":"publish","type":"post","link":"https:\/\/tvbrazilusa.com\/pt\/2024\/09\/22\/medica-cearense-odiada-pela-esquerda-assume-cadeira-na-camara-federal-capita-cloroquina\/","title":{"rendered":"M\u00e9dica cearense odiada pela esquerda assume cadeira na C\u00e2mara Federal: &#8216;capit\u00e3 cloroquina&#8217;"},"content":{"rendered":"<p> <script async src=\"https:\/\/pagead2.googlesyndication.com\/pagead\/js\/adsbygoogle.js?client=ca-pub-8864793242727901\"\r\n     crossorigin=\"anonymous\"><\/script><br \/>\n<\/p>\n<div id=\"taboola-read-more\" style=\"display:block; width:100%\">\n<p>Suplente pelo estado do Cear\u00e1, a agora deputada federal Dra. Mayra Pinheiro (PL), tomou posse na C\u00e2mara dos Deputados na segunda-feira (16\/9). A m\u00e9dica, figura relevante no governo Bolsonaro (PL), ocupou o cargo de Secret\u00e1ria de Gest\u00e3o do Trabalho e da Educa\u00e7\u00e3o na Sa\u00fade do Minist\u00e9rio da Sa\u00fade\u00a0 durante a pandemia e foi ouvida na Comiss\u00e3o Parlamentar de Inqu\u00e9rito (CPI) da Pandemia, onde recebeu o apelido de Capit\u00e3 Cloroquina.\u00a0\n<\/p>\n<p>Com 71 mil votos nas elei\u00e7\u00f5es de 2022, Mayra Pinheiro n\u00e3o foi eleita para o Congresso, mas se elegeu para a segunda supl\u00eancia. A m\u00e9dica assume o lugar do deputado Andr\u00e9 Fernandes (PL-CE), que \u00e9 candidato \u00e0 Prefeitura de Fortaleza (CE).\u00a0<\/p>\n<p>Na primeira semana como deputada federal, Mayra Pinheiro participou de uma vota\u00e7\u00e3o, em que foi contr\u00e1ria ao Projeto de Lei 3117\/24 que dispensa licita\u00e7\u00f5es para compras e obras durante calamidades. Na quarta-feira (19\/9) Mayra Pinheiro participou da primeira sess\u00e3o presencial no Plen\u00e1rio da C\u00e2mara em Homenagem ao Dia do Ortopedista e fez um aceno ao governador de Goi\u00e1s Ronaldo Caiado ao cit\u00e1-lo e homenage\u00e1-lo nominalmente. Segundo Mayra, foi Caiado que a ensinou a lutar pelos valores que defende hoje.\u00a0\n<\/p>\n<p><em>&#8220;Estar aqui \u00e9 um sonho que surgiu na minha vida em 2013 e se estou aqui hoje e se minha hist\u00f3ria de movimento m\u00e9dico evoluiu at\u00e9 chegar a C\u00e2mara Federal foi gra\u00e7as ao exemplo de um ortopedista. Em 2013 eu vim aqui ao Plen\u00e1rio da C\u00e2mara acompanhar a vota\u00e7\u00e3o do ato m\u00e9dico e um ortopedista brasileiro se tornou o s\u00edmbolo de luta pela medicina de boa qualidade, pelo ensino m\u00e9dico, pelo trabalho m\u00e9dico. E\u00a0 eu fa\u00e7o uma homenagem especial aqui hoje ao senador Ronaldo Caiado, foi ele que me ensinou a lutar bravamente pelos valores que eu defendo hoje na medicina. Foi ele que esteve na minha posse em 2015 no sindicatro dos medicos e \u00e9 nele que eu penso todas as vezes que eu penso em desistir dessas nossas lutas intermin\u00e1veis pelo que eu j\u00e1 mencionei ensino m\u00e9dico de qualidade, a defesa do trabalho m\u00e9dico e a agora principoalmente nos tempos atuaus a autonomia m\u00e9dica eu me inspiro. Eu assumi um compromisso segunda-feira de al\u00e9m de defender a p\u00e1tria, a Constitui\u00e7\u00e3o, a liberdade, defender a medicina brasileira nesta Casa&#8221;, declarou em discurso.\u00a0<\/em>\n<\/p>\n<p>Durante atos bolsonaristas no dia 7 de setembro, a m\u00e9dica discursou a favor da anistia aos acusados pelos atos antidemocr\u00e1ticos de 8 de janeiro. Tema que, ali\u00e1s, deve ser uma das prioridades dela na Casa. Mayra Pinheiro tamb\u00e9m manifestou apoio pelo pedido de impeachment do ministro do Supremo Tribunal Federal (STF) Alexandre de Moraes.\u00a0\n<\/p>\n<p><strong>CPI da pandemia<\/strong>\n<\/p>\n<p>Secret\u00e1ria de Gest\u00e3o do Trabalho e da Educa\u00e7\u00e3o na Sa\u00fade do Minist\u00e9rio da Sa\u00fade durante a gest\u00e3o Bolsonaro, a Capit\u00e3 Cloroquina, como ficou conhecida, foi investigada pela Comiss\u00e3o Parlamentar de Inqu\u00e9rito (CPI) da pandemia. A m\u00e9dica ficou conhecida como uma das apoiadoras mais engajadas na defesa do \u201ctratamento precoce\u201d, terapia sem efic\u00e1cia comprovada contra a covid-19.\n<\/p>\n<p>Mayra Pinheiro, assim como o ex-ministro da Sa\u00fade Eduardo Pazuello, chegaram a ser acusados e, posteriormente absolvidos, na investiga\u00e7\u00e3o sobre a crise de abastecimento de oxig\u00eanio no Amazonas. Durante as audi\u00eancias, a aliada de Bolsonaro chegou a confessar que o minist\u00e9rio ignorou recomenda\u00e7\u00f5es da Organiza\u00e7\u00e3o Mundial da Sa\u00fade (OMS) e orientou uso do tratamento precoce em todo o pa\u00eds.\u00a0\u00a0\n<\/p>\n<p>Fonte: Correio Braziliense\n<\/p>\n<\/div>\n<p><br \/>\n<br \/><a href=\"https:\/\/diariodobrasilnoticias.com.br\/noticia\/medica-cearense-odiada-pela-esquerda-assume-cadeira-na-camara-federal-capita-cloroquina-66f038650ef2d\">Source link <\/a><\/p>","protected":false},"excerpt":{"rendered":"<p>Suplente pelo estado do Cear\u00e1, a agora deputada federal Dra. Mayra Pinheiro (PL), tomou posse na C\u00e2mara dos Deputados na segunda-feira (16\/9). A m\u00e9dica, figura relevante no governo Bolsonaro (PL),&hellip;<\/p>","protected":false},"author":1,"featured_media":40570,"comment_status":"closed","ping_status":"open","sticky":false,"template":"","format":"standard","meta":{"content-type":"","footnotes":""},"categories":[16],"tags":[123,2448,5313,1267],"class_list":["post-40569","post","type-post","status-publish","format-standard","has-post-thumbnail","hentry","category-noticias","tag-brasil","tag-diario","tag-noticia","tag-noticias"],"_links":{"self":[{"href":"https:\/\/tvbrazilusa.com\/pt\/wp-json\/wp\/v2\/posts\/40569","targetHints":{"allow":["GET"]}}],"collection":[{"href":"https:\/\/tvbrazilusa.com\/pt\/wp-json\/wp\/v2\/posts"}],"about":[{"href":"https:\/\/tvbrazilusa.com\/pt\/wp-json\/wp\/v2\/types\/post"}],"author":[{"embeddable":true,"href":"https:\/\/tvbrazilusa.com\/pt\/wp-json\/wp\/v2\/users\/1"}],"replies":[{"embeddable":true,"href":"https:\/\/tvbrazilusa.com\/pt\/wp-json\/wp\/v2\/comments?post=40569"}],"version-history":[{"count":1,"href":"https:\/\/tvbrazilusa.com\/pt\/wp-json\/wp\/v2\/posts\/40569\/revisions"}],"predecessor-version":[{"id":40571,"href":"https:\/\/tvbrazilusa.com\/pt\/wp-json\/wp\/v2\/posts\/40569\/revisions\/40571"}],"wp:featuredmedia":[{"embeddable":true,"href":"https:\/\/tvbrazilusa.com\/pt\/wp-json\/wp\/v2\/media\/40570"}],"wp:attachment":[{"href":"https:\/\/tvbrazilusa.com\/pt\/wp-json\/wp\/v2\/media?parent=40569"}],"wp:term":[{"taxonomy":"category","embeddable":true,"href":"https:\/\/tvbrazilusa.com\/pt\/wp-json\/wp\/v2\/categories?post=40569"},{"taxonomy":"post_tag","embeddable":true,"href":"https:\/\/tvbrazilusa.com\/pt\/wp-json\/wp\/v2\/tags?post=40569"}],"curies":[{"name":"wp","href":"https:\/\/api.w.org\/{rel}","templated":true}]}}