{"id":40572,"date":"2024-09-22T21:01:56","date_gmt":"2024-09-22T21:01:56","guid":{"rendered":"https:\/\/tvbrazilusa.com\/2024\/09\/22\/lula-critica-a-onu-e-diz-que-falta-ambicao-por-parte-dos-lideres-mundiais-as-declaracoes-ocorreram-em-nova-york-em-evento-que-antecede-a-assembleia-geral\/"},"modified":"2024-09-22T21:01:57","modified_gmt":"2024-09-22T21:01:57","slug":"lula-critica-a-onu-e-diz-que-falta-ambicao-por-parte-dos-lideres-mundiais-as-declaracoes-ocorreram-em-nova-york-em-evento-que-antecede-a-assembleia-geral","status":"publish","type":"post","link":"https:\/\/tvbrazilusa.com\/pt\/2024\/09\/22\/lula-critica-a-onu-e-diz-que-falta-ambicao-por-parte-dos-lideres-mundiais-as-declaracoes-ocorreram-em-nova-york-em-evento-que-antecede-a-assembleia-geral\/","title":{"rendered":"Lula critica a ONU e diz que falta ambi\u00e7\u00e3o por parte dos l\u00edderes mundiais; as declara\u00e7\u00f5es ocorreram em Nova York, em evento que antecede a Assembleia Geral"},"content":{"rendered":"<p> <script async src=\"https:\/\/pagead2.googlesyndication.com\/pagead\/js\/adsbygoogle.js?client=ca-pub-8864793242727901\"\r\n     crossorigin=\"anonymous\"><\/script><br \/>\n<\/p>\n<div id=\"taboola-read-more\" style=\"display:block; width:100%\">\n<p>O presidente Luiz In\u00e1cio Lula da Silva cobrou mais &#8220;ambi\u00e7\u00e3o e ousadia&#8221; dos l\u00edderes mundiais ao discursar neste domingo (22) na C\u00fapula do Futuro, evento da Organiza\u00e7\u00e3o das Na\u00e7\u00f5es Unidas (ONU) em Nova York para debater o futuro da humanidade.\n<\/p>\n<p>Lula chegou aos Estados Unidos no s\u00e1bado (21) e passar\u00e1 cinco dias no pa\u00eds. Na pr\u00f3xima ter\u00e7a (24), deve abrir os discursos da Assembleia Geral da ONU (veja a agenda abaixo).<\/p>\n<p>No discurso de 5 minutos (tempo m\u00e1ximo dado a cada l\u00edder), Lula voltou a temas que vem adotando em f\u00f3runs internacionais, como o combate \u00e0 fome e \u00e0s mudan\u00e7as clim\u00e1ticas. E criticou o ritmo lento de ado\u00e7\u00e3o das metas de desenvolvimento sustent\u00e1vel da Agenda 2030 da ONU.\n<\/p>\n<p><em>&#8220;Os Objetivos de Desenvolvimento Sustent\u00e1vel foram o maior empreendimento diplom\u00e1tico dos \u00faltimos anos, e caminham para se tornar o nosso maior fracasso coletivo. No ritmo atual de implementa\u00e7\u00e3o, apenas 17% das metas da Agenda 2030 ser\u00e3o atingidas dentro do prazo&#8221;, disse Lula.<\/em>\n<\/p>\n<p>Segundo o brasileiro, os chefes de Estado e de governo t\u00eam duas &#8220;grandes responsabilidades&#8221;: n\u00e3o retroceder nas garantias de direitos humanos e &#8220;abrir caminhos diante de novos riscos e oportunidades&#8221;.\n<\/p>\n<p><strong>Lula e a reforma da ONU<\/strong>\n<\/p>\n<p>Ao citar avan\u00e7os previstos no &#8220;Pacto pelo Futuro&#8221; \u2013 documento que motivou a c\u00fapula e deve ser assinado pelos pa\u00edses neste domingo \u2013, no entanto, Lula criticou a falta de reformas estruturais em organiza\u00e7\u00f5es como a pr\u00f3pria ONU.\n<\/p>\n<p><em>&#8220;Todos esses avan\u00e7os ser\u00e3o louv\u00e1veis e significativos, mas ainda assim, nos falta ambi\u00e7\u00e3o e ousadia. A crise da governan\u00e7a global requer transforma\u00e7\u00f5es estruturais. A pandemia, os conflitos na Europa e no Oriente M\u00e9dio, a corrida armamentista e a mudan\u00e7a do clima escancaram as limita\u00e7\u00f5es das inst\u00e2ncias multilaterais.&#8221;<\/em>\n<\/p>\n<p><em>&#8220;A maioria dos \u00f3rg\u00e3os carece de autoridade e meios de implementa\u00e7\u00e3o para fazer cumprir suas decis\u00f5es. A Assembleia Geral perdeu sua vitalidade e o Conselho Econ\u00f4mico e Social foi esvaziado. A legitimidade do Conselho de Seguran\u00e7a encolhe a cada vez que aplica duplos padr\u00f5es ou se omite diante de atrocidades&#8221;, listou Lula.<\/em>\n<\/p>\n<p>O presidente brasileiro cobra, desde seu primeiro mandato em 2003, que o Conselho de Seguran\u00e7a da ONU passe a incluir pa\u00edses em desenvolvimento e pot\u00eancias globais que, quando a ONU foi criada no p\u00f3s-Segunda Guerra, acabaram exclu\u00eddas por terem perdido o confronto.\n<\/p>\n<p>Junto com Alemanha, Jap\u00e3o e \u00cdndia, o Brasil forma o &#8220;G4&#8221;, grupo que pressiona pelo aumento das cadeiras permanentes no Conselho de Seguran\u00e7a e pleiteia as novas vagas.\n<\/p>\n<p>Desde 1945, o conselho tem os mesmos cinco membros permanentes: Estados Unidos, R\u00fassia, China, Fran\u00e7a e Reino Unido.\n<\/p>\n<p>O Conselho de Seguran\u00e7a vem sendo criticado por sua paralisia frente a guerras que envolvem seus pr\u00f3prios membros, como a invas\u00e3o da Ucr\u00e2nia pela R\u00fassia e a guerra entre Israel (apoiado pelos EUA) e os grupos extremistas Hamas e Hezbollah no Oriente M\u00e9dio.\n<\/p>\n<p>&#8220;As institui\u00e7\u00f5es de Bretton-Woods [FMI e Banco Mundial] desconsideram as prioridades e as necessidades do mundo em desenvolvimento. O Sul Global n\u00e3o est\u00e1 representado de forma condizente com o seu atual peso pol\u00edtico e econ\u00f4mico e democr\u00e1tico&#8221;, disse Lula antes de estourar o tempo e ter o microfone cortado.\n<\/p>\n<p>Al\u00e9m de Lula, compareceram \u00e0 sess\u00e3o na ONU a primeira-dama, Janja da Silva; o presidente do Senado, Rodrigo Pacheco (PSD-MG); os ministros Mauro Vieira (Rela\u00e7\u00f5es Exteriores) e Marina Silva (Meio Ambiente), e o assessor especial de Lula e ex-chanceler Celso Amorim.\n<\/p>\n<p><strong>Pacto pelo Futuro<\/strong>\n<\/p>\n<p>No evento, a ONU espera que l\u00edderes globais sinalizem a ades\u00e3o ao Pacto pelo Futuro \u2013 documento de 42 p\u00e1ginas com metas e compromissos para, nas palavras da organiza\u00e7\u00e3o, &#8220;garantir um futuro mais justo, seguro e sustent\u00e1vel&#8221;.\n<\/p>\n<p>O pacto inclui temas defendidos pela diplomacia brasileira e por Lula, como:\n<\/p>\n<p>A reforma do Conselho de Seguran\u00e7a das Na\u00e7\u00f5es Unidas;\n<\/p>\n<p>A reforma do sistema financeiro internacional para impulsionar o desenvolvimento sustent\u00e1vel;\n<\/p>\n<p>O fortalecimento de entidades multilaterais como a pr\u00f3pria ONU e a Organiza\u00e7\u00e3o Mundial do Com\u00e9rcio (OMC);\n<\/p>\n<p>A implementa\u00e7\u00e3o de pol\u00edticas de igualdade de g\u00eanero e combate \u00e0s viol\u00eancias e discrimina\u00e7\u00f5es baseadas em sexo, g\u00eanero e ra\u00e7a;\n<\/p>\n<p>O fortalecimento das a\u00e7\u00f5es contra a mudan\u00e7a clim\u00e1tica, com a concretiza\u00e7\u00e3o dos compromissos assumidos pelos pa\u00edses em documentos como o Acordo de Paris.\n<\/p>\n<p><strong>No Brasil, queimadas e seca<\/strong>\n<\/p>\n<p>Lula tem previs\u00e3o de retornar ao Brasil na quarta-feira (25) \u2013 e faz essa viagem em um momento delicado para a imagem externa do pa\u00eds.\n<\/p>\n<p>O governo defende pautas de preserva\u00e7\u00e3o ambiental e tenta ser protagonista na transi\u00e7\u00e3o energ\u00e9tica, por\u00e9m tem dificuldades para enfrentar a onda de inc\u00eandios e queimadas das \u00faltimas semanas.\n<\/p>\n<p>O combate \u00e0s mudan\u00e7as clim\u00e1ticas deve ser um dos temas abordados por Lula na Assembleia Geral das Na\u00e7\u00f5es Unidas. Neste ano, o Brasil vivenciou dois extremos, com as cheias de maio no Rio Grande do Sul e a atual seca no pa\u00eds.\n<\/p>\n<p>Veja a agenda completa de Lula nos Estados Unidos:\n<\/p>\n<p>Domingo (22)\n<\/p>\n<p>Sess\u00e3o de Abertura da C\u00fapula do Futuro \u2013 Lula deve discursar no evento<br \/>Segunda-feira (23)\n<\/p>\n<p>Encontro bilateral com a Presidente da Comiss\u00e3o Europeia, Ursula Von der Leyen<br \/>Encontro bilateral com o Primeiro-Ministro da Rep\u00fablica do Haiti, Garry Conille<br \/>Participa de evento da Iniciativa Global Clinton, organizada pelo ex-presidente dos EUA Bill Clinton<br \/>Participa da premia\u00e7\u00e3o anual da iniciativa Goalkeepers, organizada pela Funda\u00e7\u00e3o Bill e Melinda Gates\n<\/p>\n<p>Ter\u00e7a-feira (24)\n<\/p>\n<p>Encontro com o Secret\u00e1rio-Geral das Na\u00e7\u00f5es Unidas, Antonio Guterres<br \/>Discurso na Abertura do Debate Geral da 79\u00aa Sess\u00e3o da Assembleia Geral das Na\u00e7\u00f5es Unidas<br \/>Audi\u00eancia concedida ao Presidente de Governo do Reino da Espanha, Pedro S\u00e1nchez<br \/>Participa do evento &#8220;Combatendo os Extremismos&#8221;, em defesa da democracia<br \/>Encontro com o presidente da Rep\u00fablica Francesa, Emmanuel Macron\n<\/p>\n<p>Quarta-feira (25)\n<\/p>\n<p>Participa da sess\u00e3o de Abertura da Reuni\u00e3o Ministerial do G20\n<\/p>\n<p>Brasil abre discursos na ONU<br \/>Lula ser\u00e1 o primeiro chefe de Estado a discursar no debate geral da assembleia, na ter\u00e7a-feira (24). Por tradi\u00e7\u00e3o, cabe ao Brasil abrir os discursos de presidentes, primeiros-ministros e chanceleres no encontro anual de l\u00edderes dos pa\u00edses da ONU.\n<\/p>\n<p>Mais uma vez, Lula deve abordar nos discursos em Nova York temas cl\u00e1ssicos da diplomacia brasileira e pautas centrais de seus tr\u00eas mandatos, como:\n<\/p>\n<p>Inclus\u00e3o e combate \u00e0 fome;<br \/>Necessidade de encerrar as guerras na Ucr\u00e2nia e na Faixa de Gaza;<br \/>Defesa da democracia;\u00a0<br \/>E reforma dos \u00f3rg\u00e3os que balizam as rela\u00e7\u00f5es entre pa\u00edses.\n<\/p>\n<p>O presidente aproveita a viagem aos Estados Unidos para cumprir outros compromissos, como um debate a respeito da defesa de democracia e um encontro, tamb\u00e9m organizado pela ONU, para firmar um &#8220;Pacto para o Futuro&#8221;.\n<\/p>\n<p>Lula tamb\u00e9m ter\u00e1 reuni\u00f5es bilaterais com outros presidentes e primeiros-ministros.\n<\/p>\n<p>Fonte: G1 <\/p>\n<\/div>\n<p><br \/>\n<br \/><a href=\"https:\/\/diariodobrasilnoticias.com.br\/noticia\/lula-critica-a-onu-e-diz-que-falta-ambicao-por-parte-dos-lideres-mundiais-as-declaracoes-ocorreram-em-nova-york-em-evento-que-antecede-a-assembleia-geral-66f03b3f50383\">Source link <\/a><\/p>","protected":false},"excerpt":{"rendered":"<p>O presidente Luiz In\u00e1cio Lula da Silva cobrou mais &#8220;ambi\u00e7\u00e3o e ousadia&#8221; dos l\u00edderes mundiais ao discursar neste domingo (22) na C\u00fapula do Futuro, evento da Organiza\u00e7\u00e3o das Na\u00e7\u00f5es Unidas&hellip;<\/p>","protected":false},"author":1,"featured_media":40573,"comment_status":"closed","ping_status":"open","sticky":false,"template":"","format":"standard","meta":{"content-type":"","footnotes":""},"categories":[16],"tags":[123,2448,5313,1267],"class_list":["post-40572","post","type-post","status-publish","format-standard","has-post-thumbnail","hentry","category-noticias","tag-brasil","tag-diario","tag-noticia","tag-noticias"],"_links":{"self":[{"href":"https:\/\/tvbrazilusa.com\/pt\/wp-json\/wp\/v2\/posts\/40572","targetHints":{"allow":["GET"]}}],"collection":[{"href":"https:\/\/tvbrazilusa.com\/pt\/wp-json\/wp\/v2\/posts"}],"about":[{"href":"https:\/\/tvbrazilusa.com\/pt\/wp-json\/wp\/v2\/types\/post"}],"author":[{"embeddable":true,"href":"https:\/\/tvbrazilusa.com\/pt\/wp-json\/wp\/v2\/users\/1"}],"replies":[{"embeddable":true,"href":"https:\/\/tvbrazilusa.com\/pt\/wp-json\/wp\/v2\/comments?post=40572"}],"version-history":[{"count":1,"href":"https:\/\/tvbrazilusa.com\/pt\/wp-json\/wp\/v2\/posts\/40572\/revisions"}],"predecessor-version":[{"id":40574,"href":"https:\/\/tvbrazilusa.com\/pt\/wp-json\/wp\/v2\/posts\/40572\/revisions\/40574"}],"wp:featuredmedia":[{"embeddable":true,"href":"https:\/\/tvbrazilusa.com\/pt\/wp-json\/wp\/v2\/media\/40573"}],"wp:attachment":[{"href":"https:\/\/tvbrazilusa.com\/pt\/wp-json\/wp\/v2\/media?parent=40572"}],"wp:term":[{"taxonomy":"category","embeddable":true,"href":"https:\/\/tvbrazilusa.com\/pt\/wp-json\/wp\/v2\/categories?post=40572"},{"taxonomy":"post_tag","embeddable":true,"href":"https:\/\/tvbrazilusa.com\/pt\/wp-json\/wp\/v2\/tags?post=40572"}],"curies":[{"name":"wp","href":"https:\/\/api.w.org\/{rel}","templated":true}]}}