{"id":40578,"date":"2024-09-22T21:18:09","date_gmt":"2024-09-22T21:18:09","guid":{"rendered":"https:\/\/tvbrazilusa.com\/2024\/09\/22\/estudo-aponta-quanto-o-governo-brasileiro-poderia-economizar-com-a-volta-do-horario-de-verao-veja-os-dados\/"},"modified":"2024-09-22T21:18:10","modified_gmt":"2024-09-22T21:18:10","slug":"estudo-aponta-quanto-o-governo-brasileiro-poderia-economizar-com-a-volta-do-horario-de-verao-veja-os-dados","status":"publish","type":"post","link":"https:\/\/tvbrazilusa.com\/pt\/2024\/09\/22\/estudo-aponta-quanto-o-governo-brasileiro-poderia-economizar-com-a-volta-do-horario-de-verao-veja-os-dados\/","title":{"rendered":"Estudo aponta quanto o governo brasileiro poderia economizar com a volta do hor\u00e1rio de ver\u00e3o; veja os dados"},"content":{"rendered":"<p> <script async src=\"https:\/\/pagead2.googlesyndication.com\/pagead\/js\/adsbygoogle.js?client=ca-pub-8864793242727901\"\r\n     crossorigin=\"anonymous\"><\/script><br \/>\n<\/p>\n<div id=\"taboola-read-more\" style=\"display:block; width:100%\">\n<p>O Operador Nacional do Sistema El\u00e9trico (ONS) concluiu, nessa quinta-feira (19\/9), os estudos sobre os resultados do retorno do hor\u00e1rio de ver\u00e3o em 2024. Segundo estimativas do \u00f3rg\u00e3o, a medida trar\u00e1 uma economia no custo de opera\u00e7\u00e3o de quase R$ 400 milh\u00f5es entre outubro e fevereiro.\n<\/p>\n<p>O Comit\u00ea de Monitoramento do Setor El\u00e9trico (CMSE) recomendou, nessa quinta, que o governo federal retome a medida, que adianta uma hora no rel\u00f3gio de algumas partes do Brasil, ainda neste ano.<\/p>\n<p>Para o diretor-geral do ONS, Marcio Rea, a sugest\u00e3o ocorre devido aos \u201cganhos positivos para o setor el\u00e9trico, contribuindo para a efici\u00eancia do Sistema Interligado Nacional e, principalmente, ampliando a capacidade de atendimento na ponta de carga\u201d.\n<\/p>\n<p>Encomendado pelo Minist\u00e9rio de Minas e Energia (MME), o levantamento do ONS indica que a implementa\u00e7\u00e3o do hor\u00e1rio de ver\u00e3o, em cen\u00e1rios de grande aflu\u00eancia do Sistema Interligado Nacional (SIN), ser\u00e1 capaz de reduzir a demanda m\u00e1xima de energia el\u00e9trica no pa\u00eds em at\u00e9 2,9%.\n<\/p>\n<p>Ainda de acordo com os estudos do operador, a medida poder\u00e1 trazer uma redu\u00e7\u00e3o na demanda m\u00e1xima noturna tanto em dias \u00fateis como nos fins de semana, \u201cem quase todas as condi\u00e7\u00f5es de temperatura\u201d.\n<\/p>\n<p>Em nota, o ONS informou que o hor\u00e1rio de ver\u00e3o aliviar\u00e1 o efeito da \u201crampa da carga\u201d \u2013 quando ocorre a eleva\u00e7\u00e3o r\u00e1pida e ostensiva de gasto de energia \u2013 entre 18h e 19h. Com o adiamento do hor\u00e1rio de ponta em at\u00e9 duas horas, o operador acredita que a medida permitir\u00e1 que a compensa\u00e7\u00e3o pela sa\u00edda da micro e minigera\u00e7\u00e3o distribu\u00edda (MMGD) e da gera\u00e7\u00e3o solar seja feita de forma \u201cmais alongada\u201d.\n<\/p>\n<p><strong>Retorno do hor\u00e1rio de ver\u00e3o depende de Lula<\/strong>\n<\/p>\n<p>Antes de ser implementada, a medida ainda deve ser analisada pelo presidente Luiz In\u00e1cio Lula da Silva (PT), que bater\u00e1 o martelo sobre a quest\u00e3o. A expectativa \u00e9 de que o an\u00fancio ocorra ap\u00f3s as elei\u00e7\u00f5es municipais \u2013 em 6 de outubro, com segundo turno marcado para 27 de outubro.\n<\/p>\n<p>O ministro de Minas e Energia, Alexandre Silveira, levar\u00e1 a recomenda\u00e7\u00e3o do comit\u00ea \u00e0s demais pastas. Depois disso, ele deve marcar uma reuni\u00e3o com Lula, que dar\u00e1 a decis\u00e3o final. Ao Metr\u00f3poles fontes do governo indicaram ser \u201cmuito prov\u00e1vel\u201d a volta do hor\u00e1rio de ver\u00e3o no pa\u00eds.\n<\/p>\n<p>Silveira ressaltou que, apesar da recomenda\u00e7\u00e3o do CMSE, n\u00e3o h\u00e1 risco de crise energ\u00e9tica em 2024. \u201cN\u00e3o temos chance de crise energ\u00e9tica neste ano, mas devemos cuidar para que n\u00e3o tenhamos nenhum evento pontual em especial nos hor\u00e1rios de ponta\u201d, frisou o ministro.\n<\/p>\n<p>Conforme integrantes do governo consultados pelo Metr\u00f3poles, a ideia da volta do hor\u00e1rio de ver\u00e3o \u00e9 distensionar o SIN de transmiss\u00e3o de energia durante o chamado \u201chor\u00e1rio de pico\u201d, quando as fam\u00edlias retornam \u00e0s casas e aumentam consideravelmente o consumo de energia.\n<\/p>\n<p><strong>O hor\u00e1rio de ver\u00e3o<\/strong>\n<\/p>\n<p>Adotado em v\u00e1rios pa\u00edses do mundo, o hor\u00e1rio de ver\u00e3o tem como objetivo a economia do consumo de energia el\u00e9trica no hor\u00e1rio de pico. Ao adiantar os ponteiros do rel\u00f3gio em algumas regi\u00f5es, a popula\u00e7\u00e3o finaliza atividades di\u00e1rias ainda com luz solar e evita ligar diversos equipamentos el\u00e9tricos.\n<\/p>\n<p>Antes de ser extinto pelo governo de Jair Bolsonaro (PL) em abril de 2019, o hor\u00e1rio de ver\u00e3o vigorava entre outubro e fevereiro nas seguintes partes do Brasil:\n<\/p>\n<p>Distrito Federal;<br \/>Esp\u00edrito Santo;<br \/>Goi\u00e1s;<br \/>Mato Grosso;<br \/>Mato Grosso do Sul;<br \/>Minas Gerais;<br \/>Paran\u00e1;<br \/>Rio de Janeiro;<br \/>Rio Grande do Sul;<br \/>Santa Catarina; e<br \/>S\u00e3o Paulo.\n<\/p>\n<p>Fonte: Metr\u00f3poles <\/p>\n<\/div>\n<p><br \/>\n<br \/><a href=\"https:\/\/diariodobrasilnoticias.com.br\/noticia\/estudo-aponta-quanto-o-governo-brasileiro-poderia-economizar-com-a-volta-do-horario-de-verao-veja-os-dados-66f03d2ba6669\">Source link <\/a><\/p>","protected":false},"excerpt":{"rendered":"<p>O Operador Nacional do Sistema El\u00e9trico (ONS) concluiu, nessa quinta-feira (19\/9), os estudos sobre os resultados do retorno do hor\u00e1rio de ver\u00e3o em 2024. Segundo estimativas do \u00f3rg\u00e3o, a medida&hellip;<\/p>","protected":false},"author":1,"featured_media":40579,"comment_status":"closed","ping_status":"open","sticky":false,"template":"","format":"standard","meta":{"content-type":"","footnotes":""},"categories":[16],"tags":[123,2448,5313,1267],"class_list":["post-40578","post","type-post","status-publish","format-standard","has-post-thumbnail","hentry","category-noticias","tag-brasil","tag-diario","tag-noticia","tag-noticias"],"_links":{"self":[{"href":"https:\/\/tvbrazilusa.com\/pt\/wp-json\/wp\/v2\/posts\/40578","targetHints":{"allow":["GET"]}}],"collection":[{"href":"https:\/\/tvbrazilusa.com\/pt\/wp-json\/wp\/v2\/posts"}],"about":[{"href":"https:\/\/tvbrazilusa.com\/pt\/wp-json\/wp\/v2\/types\/post"}],"author":[{"embeddable":true,"href":"https:\/\/tvbrazilusa.com\/pt\/wp-json\/wp\/v2\/users\/1"}],"replies":[{"embeddable":true,"href":"https:\/\/tvbrazilusa.com\/pt\/wp-json\/wp\/v2\/comments?post=40578"}],"version-history":[{"count":1,"href":"https:\/\/tvbrazilusa.com\/pt\/wp-json\/wp\/v2\/posts\/40578\/revisions"}],"predecessor-version":[{"id":40580,"href":"https:\/\/tvbrazilusa.com\/pt\/wp-json\/wp\/v2\/posts\/40578\/revisions\/40580"}],"wp:featuredmedia":[{"embeddable":true,"href":"https:\/\/tvbrazilusa.com\/pt\/wp-json\/wp\/v2\/media\/40579"}],"wp:attachment":[{"href":"https:\/\/tvbrazilusa.com\/pt\/wp-json\/wp\/v2\/media?parent=40578"}],"wp:term":[{"taxonomy":"category","embeddable":true,"href":"https:\/\/tvbrazilusa.com\/pt\/wp-json\/wp\/v2\/categories?post=40578"},{"taxonomy":"post_tag","embeddable":true,"href":"https:\/\/tvbrazilusa.com\/pt\/wp-json\/wp\/v2\/tags?post=40578"}],"curies":[{"name":"wp","href":"https:\/\/api.w.org\/{rel}","templated":true}]}}