{"id":40584,"date":"2024-09-22T21:33:52","date_gmt":"2024-09-22T21:33:52","guid":{"rendered":"https:\/\/tvbrazilusa.com\/2024\/09\/22\/homem-de-easton-acusado-de-agredir-sexualmente-adolescente-de-brockton-e-preso\/"},"modified":"2024-09-22T21:33:52","modified_gmt":"2024-09-22T21:33:52","slug":"homem-de-easton-acusado-de-agredir-sexualmente-adolescente-de-brockton-e-preso","status":"publish","type":"post","link":"https:\/\/tvbrazilusa.com\/pt\/2024\/09\/22\/homem-de-easton-acusado-de-agredir-sexualmente-adolescente-de-brockton-e-preso\/","title":{"rendered":"Homem de Easton acusado de agredir sexualmente adolescente de Brockton \u00e9 preso"},"content":{"rendered":"<p> <script async src=\"https:\/\/pagead2.googlesyndication.com\/pagead\/js\/adsbygoogle.js?client=ca-pub-8864793242727901\"\r\n     crossorigin=\"anonymous\"><\/script><br \/>\n<br \/><img decoding=\"async\" src=\"https:\/\/www.boston.com\/wp-content\/themes\/bdc-2020\/images\/tease-defaults\/fallback-tease-image-4x3-medium.png\" \/><\/p>\n<div id=\"\">\n<header class=\"m-article-header m-article-header--standard\">\n\t\t\t\t\t\t\t\t\t\t\t\t<span id=\"article-header-primary-term\"><br \/>\n\t\t\t\t\t\t\t\t<a class=\"a-term a-term--primary\" href=\"https:\/\/www.boston.com\/tag\/local-news\/\"><\/p>\n<p>\t\t\t\t\t\t\t\tNot\u00edcias locais\t\t\t\t\t\t\t\t<\/a><br \/>\n\t\t\t\t\t\t\t<\/span><\/p>\n<h2 class=\"m-article-header__sub-headline\">Markenson Beuge, 21, ser\u00e1 formalmente acusado de agress\u00e3o no tribunal esta semana ap\u00f3s ser preso em um Easton Wendy&#8217;s na sexta-feira.<\/h2>\n<figure class=\"a-photo m-article-header__photo\"><figcaption class=\"a-photo__caption\">\n\t<em> <\/em>\t<\/figcaption><\/figure>\n<\/header>\n<p>Um homem de Easton foi preso depois que uma estudante do ensino fundamental de Brockton foi abusada sexualmente enquanto caminhava para casa na semana passada e foi presa no s\u00e1bado, disse a pol\u00edcia.<\/p>\n<p>Markenson Beuge, 21, \u00e9 <a href=\"https:\/\/www.boston.com\/news\/local-news\/2024\/09\/18\/brockton-middle-school-student-sexually-assaulted-walking-home-from-school-police-say\/\">acusado de agredir a menina<\/a>que \u00e9 uma aluna da West Middle School em Brockton, na ter\u00e7a-feira da semana passada. Brockton disse que a dupla lutou brevemente antes que a aluna conseguisse fugir para sua casa.<\/p>\n<p>Um porta-voz da pol\u00edcia de Brockton disse que a pol\u00edcia da escola revistou uma casa na Cherry Street em Brockton na sexta-feira \u00e0 noite. Beuge foi ent\u00e3o encontrado em Easton e levado sob cust\u00f3dia, disse a pol\u00edcia.<\/p>\n<p><em>A Empresa Brockton<\/em> <a href=\"https:\/\/www.enterprisenews.com\/story\/news\/crime\/2024\/09\/21\/brockton-school-police-arrest-man-sexual-assault-middle-school-student-markenson-beuge\/75324160007\/\">relatado<\/a> que Beuge foi preso pela pol\u00edcia escolar em um restaurante Wendy&#8217;s em Easton, onde ele trabalha.<\/p>\n<p>\u201cAgradecemos aos detetives de Brockton por ajudar a pol\u00edcia escolar na investiga\u00e7\u00e3o\u201d, disse o comunicado da pol\u00edcia. <\/p>\n<p>A pol\u00edcia investigou o homem na quarta-feira passada, depois de ter sido notificada sobre o incidente, disse o departamento. A superintendente interina de escolas de Brockton, Priya Tahiliani, disse que a comunidade escolar foi notificada e disse aos alunos \u201cpara permanecerem vigilantes e relatarem qualquer coisa que encontrem preocupante a um adulto de confian\u00e7a\u201d.<\/p>\n<p>\u201cEstamos trabalhando em estreita colabora\u00e7\u00e3o com o Departamento de Pol\u00edcia de Brockton para dar suporte ao aluno e \u00e0 fam\u00edlia afetados por este incidente profundamente preocupante e trabalharemos com a pol\u00edcia para ajudar a identificar um suspeito\u201d, disse ela em um comunicado na semana passada.<\/p>\n<p>Beuge enfrentar\u00e1 acusa\u00e7\u00f5es de agress\u00e3o sexual no tribunal esta semana.<\/p>\n<div class=\"m-block m-generic-cta\t m-generic-cta--post-content\t m-generic-cta--dark\t m-generic-cta--homepage\t m-generic-cta--email-signup\t\t m-generic-cta-block-style--default \tt-amp__generic-cta\"><\/p>\n<div class=\"m-generic-cta__wrap\">\n<div class=\"m-generic-cta__content\">\n<h3 class=\"m-generic-cta__title\">Boston.com Hoje<\/h3>\n<p class=\"m-generic-cta__subtitle\">Inscreva-se para receber as \u00faltimas manchetes na sua caixa de entrada todas as manh\u00e3s.<\/p>\n<\/p><\/div>\n<\/p><\/div>\n<\/div><\/div>\n<p><script>\n\t\tvar consent=\"grant\";\n\t\t\/* The above code is parsing the JSON data from the local storage and storing it in a variable. *\/\n\t\t\t\t\tconst onetrustStorageConsent = JSON.parse(localStorage.getItem( 'consent_one_trust_bdc' ) );\n\t\t\tif ( ( onetrustStorageConsent !== null ) ) {\n\t\t\t\t\/* Checking to see if the user has consented to the use of cookies.\n\t\t\t\t* If they have not, it is deleting the cookie.\n\t\t\t\t* This will comment for now, until further notice.\n\t\t\t\t*\/\n\t\t\t\t\/\/if ( onetrustStorageConsent.C0002 === false ) {\n\t\t\t\t\/\/\tdocument.cookie=\"_fbp=;expires=Thu, 01 Jan 2010 00:00:00 UTC; path=\/; domain=.boston.com\";\n\t\t\t\t\/\/}\n\t\t\t\t\/* Checking if the user has given consent for the cookie C0002.\n\t\t\t\t* If the user has given consent, the variable consent will be set to 'grant'.\n\t\t\t\t* If the user has not given consent,the variable consent will be set to 'revoke'.\n\t\t\t\t* Documentation https:\/\/developers.facebook.com\/docs\/meta-pixel\/implementation\/gdpr\n\t\t\t\t*\/\n\t\t\t\tif ( onetrustStorageConsent.C0002 !== true ) {\n\t\t\t\t\tconsent=\"revoke\";\n\t\t\t\t}\n\t\t\t}\n\t\t\t\t!function(f,b,e,v,n,t,s)\n\t\t{if(f.fbq)return;n=f.fbq=function(){n.callMethod?\n\t\tn.callMethod.apply(n,arguments):n.queue.push(arguments)};\n\t\tif(!f._fbq)f._fbq=n;n.push=n;n.loaded=!0;n.version='2.0';\n\t\tn.queue=[];t=b.createElement(e);t.async=!0;\n\t\tt.src=v;s=b.getElementsByTagName(e)[0];\n\t\ts.parentNode.insertBefore(t,s)}(window, document,'script',\n\t\t'https:\/\/connect.facebook.net\/en_US\/fbevents.js');\n\t\tfbq('consent', consent);\n\t\tfbq('init', '989222871864976');\n\t\tfbq('track', 'PageView');\n\t<\/script><script type=\"module\">\n\t\tvar consent=\"grant\";\n\t\t\/* The above code is parsing the JSON data from the local storage and storing it in a variable. *\/\n\t\t\tconst onetrustStorageConsent = JSON.parse(localStorage.getItem( 'consent_one_trust_bdc' ) );\n\t\t\t\/* Checking to see if the user has consented to the use of cookies.\n\t\t\t* If they have not, it is deleting the cookie.\n\t\t\t* This will comment for now, until further notice.\n\t\t\t*\/\n\t\t\t\/\/if ( onetrustStorageConsent.C0002 === false ) {\n\t\t\t\/\/\tdocument.cookie=\"_fbp=;expires=Thu, 01 Jan 2010 00:00:00 UTC; path=\/; domain=.boston.com\";\n\t\t\t\/\/}\n\t\t\t\/* Checking if the user has given consent for the cookie C0002.\n\t\t\t* If the user has given consent, the variable consent will be set to 'grant'.\n\t\t\t* If the user has not given consent,the variable consent will be set to 'revoke'.\n\t\t\t* Documentation https:\/\/developers.facebook.com\/docs\/meta-pixel\/implementation\/gdpr\n\t\t\t*\/\n\t\t\tif ( ( onetrustStorageConsent !== null ) && (onetrustStorageConsent.C0002 !== true ) ) {\n\t\t\t\tconsent=\"revoke\";\n\t\t\t}\n\t\t\t\t!function(f,b,e,v,n,t,s){if(f.fbq)return;n=f.fbq=function()\n\t\t{n.callMethod? n.callMethod.apply(n,arguments):n.queue.push(arguments)}\n\t\t;if(!f._fbq)f._fbq=n;\n\t\tn.push=n;n.loaded=!0;n.version='2.0';n.queue=[];t=b.createElement(e);t.async=!0;\n\t\tt.src=v;s=b.getElementsByTagName(e)[0];s.parentNode.insertBefore(t,s)}(window,\n\t\tdocument,'script','https:\/\/connect.facebook.net\/en_US\/fbevents.js');\n\t\tfbq('consent', consent);\n\t\tfbq('init', '813236348753005');\n\t\tfbq('track', \"PageView\");\n\t<\/script><br \/>\n<br \/><br \/>\n<br \/><a href=\"https:\/\/www.boston.com\/news\/local-news\/2024\/09\/22\/easton-man-accused-of-sexually-assaulting-brockton-teen-arrested\/\">Source link <\/a><\/p>","protected":false},"excerpt":{"rendered":"<p>Not\u00edcias locais Markenson Beuge, 21, ser\u00e1 formalmente acusado de agress\u00e3o no tribunal esta semana ap\u00f3s ser preso em um Easton Wendy&#8217;s na sexta-feira. Um homem de Easton foi preso depois&hellip;<\/p>","protected":false},"author":1,"featured_media":0,"comment_status":"","ping_status":"open","sticky":false,"template":"","format":"standard","meta":{"content-type":"","footnotes":""},"categories":[1],"tags":[],"class_list":["post-40584","post","type-post","status-publish","format-standard","hentry","category-uncategorized"],"_links":{"self":[{"href":"https:\/\/tvbrazilusa.com\/pt\/wp-json\/wp\/v2\/posts\/40584","targetHints":{"allow":["GET"]}}],"collection":[{"href":"https:\/\/tvbrazilusa.com\/pt\/wp-json\/wp\/v2\/posts"}],"about":[{"href":"https:\/\/tvbrazilusa.com\/pt\/wp-json\/wp\/v2\/types\/post"}],"author":[{"embeddable":true,"href":"https:\/\/tvbrazilusa.com\/pt\/wp-json\/wp\/v2\/users\/1"}],"replies":[{"embeddable":true,"href":"https:\/\/tvbrazilusa.com\/pt\/wp-json\/wp\/v2\/comments?post=40584"}],"version-history":[{"count":0,"href":"https:\/\/tvbrazilusa.com\/pt\/wp-json\/wp\/v2\/posts\/40584\/revisions"}],"wp:attachment":[{"href":"https:\/\/tvbrazilusa.com\/pt\/wp-json\/wp\/v2\/media?parent=40584"}],"wp:term":[{"taxonomy":"category","embeddable":true,"href":"https:\/\/tvbrazilusa.com\/pt\/wp-json\/wp\/v2\/categories?post=40584"},{"taxonomy":"post_tag","embeddable":true,"href":"https:\/\/tvbrazilusa.com\/pt\/wp-json\/wp\/v2\/tags?post=40584"}],"curies":[{"name":"wp","href":"https:\/\/api.w.org\/{rel}","templated":true}]}}