{"id":4059,"date":"2024-07-19T17:00:00","date_gmt":"2024-07-19T17:00:00","guid":{"rendered":"https:\/\/tvbrazilusa.com\/2024\/07\/19\/pf-informa-a-moraes-que-nao-conseguiu-extrair-dados-de-celular-de-filipe-martins-paulo-figueiredo\/"},"modified":"2024-07-19T19:13:21","modified_gmt":"2024-07-19T19:13:21","slug":"pf-informa-a-moraes-que-nao-conseguiu-extrair-dados-de-celular-de-filipe-martins-paulo-figueiredo","status":"publish","type":"post","link":"https:\/\/tvbrazilusa.com\/pt\/2024\/07\/19\/pf-informa-a-moraes-que-nao-conseguiu-extrair-dados-de-celular-de-filipe-martins-paulo-figueiredo\/","title":{"rendered":"PF informa a Moraes que n\u00e3o conseguiu extrair dados de celular de Filipe Martins &#8211; Paulo Figueiredo"},"content":{"rendered":"<p> <script async src=\"https:\/\/pagead2.googlesyndication.com\/pagead\/js\/adsbygoogle.js?client=ca-pub-8864793242727901\"\r\n     crossorigin=\"anonymous\"><\/script><br \/>\n<\/p>\n<div id=\"wtr-content\" data-bg=\"#FFFFFF\" data-fg=\"#006d91\" data-width=\"25\" data-mute=\"1\" data-fgopacity=\"1.00\" data-mutedopacity=\"0.5\" data-placement=\"bottom\" data-placement-offset=\"0\" data-content-offset=\"262\" data-placement-touch=\"bottom\" data-placement-offset-touch=\"0\" data-transparent=\"\" data-shadow=\"0\" data-touch=\"1\" data-non-touch=\"1\" data-comments=\"0\" data-commentsbg=\"transparent\" data-location=\"page\" data-mutedfg=\"#006d91\" data-endfg=\"#006d91\" data-rtl=\"\">\n<pre class=\"wp-block-preformatted has-small-font-size\">Foto: Arthur Max\/MRE<\/pre>\n<h3 class=\"wp-block-heading\">Aparelho est\u00e1 em poder da pol\u00edcia desde 8 de fevereiro deste ano<\/h3>\n<p>Em um of\u00edcio enviado ao ministro Alexandre de Moraes, do\u00a0<strong>Supremo Tribunal Federal (STF)<\/strong>, a Pol\u00edcia Federal (PF) informou n\u00e3o ter conseguido extrair dados do celular de Filipe Martins.<\/p>\n<p>O aparelho foi levado pela PF em 8 de fevereiro,\u00a0<strong>data na qual o ex-assessor da Presid\u00eancia para Assuntos Internacionais acabou preso,<\/strong>\u00a0por supostamente fazer parte do que seria uma tentativa de golpe.<\/p>\n<h2 class=\"wp-block-heading\">Prazo dado por Moraes no caso Filipe Martins<\/h2>\n<p>O documento da corpora\u00e7\u00e3o chegou \u00e0 Corte na quinta-feira 17, um dia depois de o prazo de 48 horas dado pelo juiz do STF n\u00e3o ter sido cumprido pela PF, conforme revelou\u00a0<strong>Oeste<\/strong>.<\/p>\n<p>Moraes oficiou a PF ap\u00f3s a Tim confirmar que o aparelho de Martins esteve ligado no Brasil nas datas em que ele embarcou supostamente com Bolsonaro para Orlando, na Fl\u00f3rida.<\/p>\n<h3 class=\"wp-block-heading\">Pris\u00e3o<\/h3>\n<p>Em 12 de junho,\u00a0<strong>Oeste\u00a0<\/strong>noticiou em primeira m\u00e3o que o Departamento de Seguran\u00e7a Interna dos Estados Unidos informou que a viagem mais recente de Martins \u00e0quele pa\u00eds ocorreu em 18 de setembro de 2022, com destino a Nova York.<\/p>\n<p>A defesa de Martins j\u00e1 havia dito que o ex-assessor n\u00e3o esteve em Orlando na data informada por Moraes. Al\u00e9m disso, a pr\u00f3pria Alf\u00e2ndega j\u00e1 comunicara que n\u00e3o havia registros da entrada de Martins nos EUA naquele per\u00edodo.<\/p>\n<h4 class=\"wp-block-heading\" id=\"h-outras-evidencias-de-que-filipe-martins-estava-no-brasil-no-fim-de-2022\">Outras evid\u00eancias de que o ex-assessor estava no Brasil no fim de 2022<\/h4>\n<p>H\u00e1 um m\u00eas, a defesa de Martins reuniu comprovantes da Uber que refor\u00e7am a tese de que o ex-assessor n\u00e3o viajou para os EUA em 30 de dezembro de 2022.<\/p>\n<p>Conforme os documentos juntados pelos advogados, aos quais\u00a0<strong>Oeste<\/strong>\u00a0teve acesso, Martins esteve em uma hamburgueria no centro de Bras\u00edlia, em 30 de dezembro. No dia seguinte, ele se dirigiu ao aeroporto da capital federal para viajar para Curitiba.<\/p>\n<p>Ao chegar \u00e0 cidade, ele tamb\u00e9m usou o servi\u00e7o por aplicativo, de acordo com os comprovantes. Na ocasi\u00e3o da presen\u00e7a de Martins em Curitiba, Bolsonaro j\u00e1 havia embarcado para o estrangeiro.<\/p>\n<p>Em fevereiro deste ano, a Revista\u00a0<strong>Oeste<\/strong>\u00a0revelou a exist\u00eancia de bilhetes de passagens a\u00e9reas que comprovaram a presen\u00e7a de Martins no Brasil na data alegada por Moraes para mandar prend\u00ea-lo.<\/p>\n<p>Interpelada pelo STF semanas depois, a Latam confirmou a ida do ex-assessor \u00e0 capital paranaense.<\/p>\n<p><strong><a href=\"https:\/\/revistaoeste.com\/politica\/pf-informa-a-moraes-que-nao-conseguiu-extrair-dados-de-celular-de-filipe-martins\/\">Source link<\/a><\/strong><\/p>\n<\/div>\n<p><br \/>\n<br \/><a href=\"https:\/\/paulofigueiredoshow.com\/pf-informa-a-moraes-que-nao-conseguiu-extrair-dados-de-celular-de-filipe-martins\/\">Source link <\/a><\/p>","protected":false},"excerpt":{"rendered":"<p>Foto: Arthur Max\/MRE Aparelho est\u00e1 em poder da pol\u00edcia desde 8 de fevereiro deste ano Em um of\u00edcio enviado ao ministro Alexandre de Moraes, do\u00a0Supremo Tribunal Federal (STF), a Pol\u00edcia&hellip;<\/p>","protected":false},"author":1,"featured_media":4060,"comment_status":"closed","ping_status":"open","sticky":false,"template":"","format":"standard","meta":{"content-type":"","footnotes":""},"categories":[16],"tags":[],"class_list":["post-4059","post","type-post","status-publish","format-standard","has-post-thumbnail","hentry","category-noticias"],"_links":{"self":[{"href":"https:\/\/tvbrazilusa.com\/pt\/wp-json\/wp\/v2\/posts\/4059","targetHints":{"allow":["GET"]}}],"collection":[{"href":"https:\/\/tvbrazilusa.com\/pt\/wp-json\/wp\/v2\/posts"}],"about":[{"href":"https:\/\/tvbrazilusa.com\/pt\/wp-json\/wp\/v2\/types\/post"}],"author":[{"embeddable":true,"href":"https:\/\/tvbrazilusa.com\/pt\/wp-json\/wp\/v2\/users\/1"}],"replies":[{"embeddable":true,"href":"https:\/\/tvbrazilusa.com\/pt\/wp-json\/wp\/v2\/comments?post=4059"}],"version-history":[{"count":1,"href":"https:\/\/tvbrazilusa.com\/pt\/wp-json\/wp\/v2\/posts\/4059\/revisions"}],"predecessor-version":[{"id":4061,"href":"https:\/\/tvbrazilusa.com\/pt\/wp-json\/wp\/v2\/posts\/4059\/revisions\/4061"}],"wp:featuredmedia":[{"embeddable":true,"href":"https:\/\/tvbrazilusa.com\/pt\/wp-json\/wp\/v2\/media\/4060"}],"wp:attachment":[{"href":"https:\/\/tvbrazilusa.com\/pt\/wp-json\/wp\/v2\/media?parent=4059"}],"wp:term":[{"taxonomy":"category","embeddable":true,"href":"https:\/\/tvbrazilusa.com\/pt\/wp-json\/wp\/v2\/categories?post=4059"},{"taxonomy":"post_tag","embeddable":true,"href":"https:\/\/tvbrazilusa.com\/pt\/wp-json\/wp\/v2\/tags?post=4059"}],"curies":[{"name":"wp","href":"https:\/\/api.w.org\/{rel}","templated":true}]}}