{"id":40591,"date":"2024-09-22T21:55:28","date_gmt":"2024-09-22T21:55:28","guid":{"rendered":"https:\/\/tvbrazilusa.com\/2024\/09\/22\/gonet-contraria-a-propria-pgr-para-ressuscitar-processo-contra-deputada-nos-atos-de-8-1\/"},"modified":"2024-09-22T21:55:29","modified_gmt":"2024-09-22T21:55:29","slug":"gonet-contraria-a-propria-pgr-para-ressuscitar-processo-contra-deputada-nos-atos-de-8-1","status":"publish","type":"post","link":"https:\/\/tvbrazilusa.com\/pt\/2024\/09\/22\/gonet-contraria-a-propria-pgr-para-ressuscitar-processo-contra-deputada-nos-atos-de-8-1\/","title":{"rendered":"Gonet contraria a pr\u00f3pria PGR para \u2018ressuscitar\u2019 processo contra deputada nos atos de 8\/1"},"content":{"rendered":"<p> <script async src=\"https:\/\/pagead2.googlesyndication.com\/pagead\/js\/adsbygoogle.js?client=ca-pub-8864793242727901\"\r\n     crossorigin=\"anonymous\"><\/script><br \/>\n<\/p>\n<div id=\"taboola-read-more\" style=\"display:block; width:100%\">\n<p>Paulo Gonet &#8220;ressuscitou&#8221; um inqu\u00e9rito que mira a deputada Clarissa T\u00e9rcio (PP-PE), candidata \u00e0 prefeitura de Jaboat\u00e3o dos Guararapes, por suspeitas de incita\u00e7\u00e3o aos atos antidemocr\u00e1ticos do 8 de janeiro.\n<\/p>\n<p>O PGR se manifestou pelo retorno dos autos \u00e0 Pol\u00edcia Federal para realizar novas dilig\u00eancias, as quais seriam necess\u00e1rias para &#8220;possibilitar um ju\u00edzo adicional e mais abrangente sobre os fatos investigados&#8221;.<\/p>\n<p>O posicionamento contraria parecer da pr\u00f3pria PGR, que opinou pelo arquivamento do caso. A manifesta\u00e7\u00e3o foi feita em maio do ano passado pelo subprocurador-geral Carlos Frederico Santos.\n<\/p>\n<p>Segundo ele, n\u00e3o haveria justa causa para o prosseguimento das investiga\u00e7\u00f5es nem mesmo a conduta da deputada poderia ser enquadrada como apologia ao crime.\n<\/p>\n<p>Clarissa publicou em seu Instagram supostamente fomentando so atos antidemocr\u00e1ticos do 8 de janeiro. A grava\u00e7\u00e3o diz: &#8220;Acabamos de tomar o poder. Estamos dentro do Congresso. Todo povo est\u00e1 aqui em cima. Isso vai ficar para a hist\u00f3ria, a hist\u00f3ria dos meus netos, dos meus bisnetos&#8221;.\n<\/p>\n<p>Em depoimento, a parlamentar afirmou que teve acesso ao v\u00eddeo, de autor desconhecido, em um grupo de WhatsApp. As imagens, segundo ela, j\u00e1 teriam viralizado nas redes e sido replicadas pela imprensa. Disse ainda que sua assessoria fez a publica\u00e7\u00e3o com a legenda &#8220;Bras\u00edlia agora. Oremos pelo Brasil&#8221;.\n<\/p>\n<p>A deputada justificou que estava de f\u00e9rias em um hotel em Muro Alto, cuidando de cinco crian\u00e7as e sem estar bem inteirada dos fatos. Acrescentou que publicou uma nota no dia seguinte em que repudiou atos de vandalismo e viol\u00eancia.\n<\/p>\n<p>Mas Gonet n\u00e3o se deu por satisfeito. Quer que a PF acione as companhias a\u00e9reas para informar o hist\u00f3rico de voos em nome da deputada e de seu marido, o deputado estadual Pastor J\u00fanior T\u00e9rcio, tamb\u00e9m investigado. O PGR tamb\u00e9m indicou a expedi\u00e7\u00e3o de of\u00edcios ao hotel onde a parlamentar estaria hospedada para confirmar a informa\u00e7\u00e3o por meio de comprovantes de check-in e check-ou e pagamentos feitos.\n<\/p>\n<p>Fonte: O Globo <\/p>\n<\/div>\n<p><br \/>\n<br \/><a href=\"https:\/\/diariodobrasilnoticias.com.br\/noticia\/gonet-contraria-a-propria-pgr-para-ressuscitar-processo-contra-deputada-nos-atos-de-8-1-66f0443504911\">Source link <\/a><\/p>","protected":false},"excerpt":{"rendered":"<p>Paulo Gonet &#8220;ressuscitou&#8221; um inqu\u00e9rito que mira a deputada Clarissa T\u00e9rcio (PP-PE), candidata \u00e0 prefeitura de Jaboat\u00e3o dos Guararapes, por suspeitas de incita\u00e7\u00e3o aos atos antidemocr\u00e1ticos do 8 de janeiro.&hellip;<\/p>","protected":false},"author":1,"featured_media":40592,"comment_status":"closed","ping_status":"open","sticky":false,"template":"","format":"standard","meta":{"content-type":"","footnotes":""},"categories":[16],"tags":[123,2448,5313,1267],"class_list":["post-40591","post","type-post","status-publish","format-standard","has-post-thumbnail","hentry","category-noticias","tag-brasil","tag-diario","tag-noticia","tag-noticias"],"_links":{"self":[{"href":"https:\/\/tvbrazilusa.com\/pt\/wp-json\/wp\/v2\/posts\/40591","targetHints":{"allow":["GET"]}}],"collection":[{"href":"https:\/\/tvbrazilusa.com\/pt\/wp-json\/wp\/v2\/posts"}],"about":[{"href":"https:\/\/tvbrazilusa.com\/pt\/wp-json\/wp\/v2\/types\/post"}],"author":[{"embeddable":true,"href":"https:\/\/tvbrazilusa.com\/pt\/wp-json\/wp\/v2\/users\/1"}],"replies":[{"embeddable":true,"href":"https:\/\/tvbrazilusa.com\/pt\/wp-json\/wp\/v2\/comments?post=40591"}],"version-history":[{"count":1,"href":"https:\/\/tvbrazilusa.com\/pt\/wp-json\/wp\/v2\/posts\/40591\/revisions"}],"predecessor-version":[{"id":40593,"href":"https:\/\/tvbrazilusa.com\/pt\/wp-json\/wp\/v2\/posts\/40591\/revisions\/40593"}],"wp:featuredmedia":[{"embeddable":true,"href":"https:\/\/tvbrazilusa.com\/pt\/wp-json\/wp\/v2\/media\/40592"}],"wp:attachment":[{"href":"https:\/\/tvbrazilusa.com\/pt\/wp-json\/wp\/v2\/media?parent=40591"}],"wp:term":[{"taxonomy":"category","embeddable":true,"href":"https:\/\/tvbrazilusa.com\/pt\/wp-json\/wp\/v2\/categories?post=40591"},{"taxonomy":"post_tag","embeddable":true,"href":"https:\/\/tvbrazilusa.com\/pt\/wp-json\/wp\/v2\/tags?post=40591"}],"curies":[{"name":"wp","href":"https:\/\/api.w.org\/{rel}","templated":true}]}}