{"id":40597,"date":"2024-09-22T22:08:36","date_gmt":"2024-09-22T22:08:36","guid":{"rendered":"https:\/\/tvbrazilusa.com\/2024\/09\/22\/marinha-do-brasil-resgata-velejador-tcheco-que-estava-a-deriva-na-costa-do-rn\/"},"modified":"2024-09-22T22:08:37","modified_gmt":"2024-09-22T22:08:37","slug":"marinha-do-brasil-resgata-velejador-tcheco-que-estava-a-deriva-na-costa-do-rn","status":"publish","type":"post","link":"https:\/\/tvbrazilusa.com\/pt\/2024\/09\/22\/marinha-do-brasil-resgata-velejador-tcheco-que-estava-a-deriva-na-costa-do-rn\/","title":{"rendered":"Marinha do Brasil resgata velejador tcheco que estava \u00e0 deriva na costa do RN"},"content":{"rendered":"<p> <script async src=\"https:\/\/pagead2.googlesyndication.com\/pagead\/js\/adsbygoogle.js?client=ca-pub-8864793242727901\"\r\n     crossorigin=\"anonymous\"><\/script><br \/>\n<\/p>\n<div id=\"taboola-read-more\" style=\"display:block; width:100%\">\n<p>A Marinha do Brasil (MB) resgatou o velejador tcheco, Vladimir Popov, de 56 anos, na tarde deste s\u00e1bado (21), ap\u00f3s receber um pedido de socorro. A embarca\u00e7\u00e3o estava \u00e0 deriva, com s\u00e9rias avarias, sem mastro e velas, e com dificuldades de manobra nas proximidades do Arquip\u00e9lago de S\u00e3o Pedro e S\u00e3o Paulo, a cerca de 1,1 mil quil\u00f4metros da costa do Rio Grande do Norte.\n<\/p>\n<p>Assim que o chamado de emerg\u00eancia foi captado, a Marinha acionou a estrutura do SALVAMAR Nordeste, que coordena opera\u00e7\u00f5es de busca e salvamento na regi\u00e3o. A embarca\u00e7\u00e3o \u201cMarlin II\u201d, que prestava apoio \u00e0 Esta\u00e7\u00e3o Cient\u00edfica no arquip\u00e9lago, foi destacada para atender ao chamado.<\/p>\n<p>O velejador, que havia partido de Cabo Verde h\u00e1 41 dias com destino a Jo\u00e3o Pessoa (PB), foi resgatado pela tripula\u00e7\u00e3o da \u201cMarlin II\u201d e recebeu \u00e1gua e alimentos. Popov informou que sua embarca\u00e7\u00e3o sofreu danos no mastro e nas velas h\u00e1 18 dias, o que dificultou a navega\u00e7\u00e3o. Embora o veleiro possu\u00edsse propuls\u00e3o mec\u00e2nica, o combust\u00edvel estava quase esgotado.\n<\/p>\n<p>Um m\u00e9dico da Marinha avaliou o estado de sa\u00fade de Vladimir Popov por meio de telemedicina, constatando que ele est\u00e1 bem, sem les\u00f5es ou necessidade de medica\u00e7\u00e3o. O veleiro \u201cNaiara\u201d permanece amarrado a uma boia no Arquip\u00e9lago de S\u00e3o Pedro e S\u00e3o Paulo, sem registro de polui\u00e7\u00e3o h\u00eddrica.\n<\/p>\n<p>A embarca\u00e7\u00e3o \u201cMarlin II\u201d, que resgatou o velejador, iniciar\u00e1 o retorno de sua expedi\u00e7\u00e3o no dia 29 de setembro, com previs\u00e3o de chegada a Natal em 2 de outubro, trazendo Vladimir Popov a bordo.\n<\/p>\n<p>Novo Not\u00edcias\n<\/p>\n<p>Fonte: Blog do BG <\/p>\n<\/div>\n<p><br \/>\n<br \/><a href=\"https:\/\/diariodobrasilnoticias.com.br\/noticia\/marinha-do-brasil-resgata-velejador-tcheco-que-estava-a-deriva-na-costa-do-rn-66f0473467e7a\">Source link <\/a><\/p>","protected":false},"excerpt":{"rendered":"<p>A Marinha do Brasil (MB) resgatou o velejador tcheco, Vladimir Popov, de 56 anos, na tarde deste s\u00e1bado (21), ap\u00f3s receber um pedido de socorro. A embarca\u00e7\u00e3o estava \u00e0 deriva,&hellip;<\/p>","protected":false},"author":1,"featured_media":40598,"comment_status":"closed","ping_status":"open","sticky":false,"template":"","format":"standard","meta":{"content-type":"","footnotes":""},"categories":[16],"tags":[123,2448,5313,1267],"class_list":["post-40597","post","type-post","status-publish","format-standard","has-post-thumbnail","hentry","category-noticias","tag-brasil","tag-diario","tag-noticia","tag-noticias"],"_links":{"self":[{"href":"https:\/\/tvbrazilusa.com\/pt\/wp-json\/wp\/v2\/posts\/40597","targetHints":{"allow":["GET"]}}],"collection":[{"href":"https:\/\/tvbrazilusa.com\/pt\/wp-json\/wp\/v2\/posts"}],"about":[{"href":"https:\/\/tvbrazilusa.com\/pt\/wp-json\/wp\/v2\/types\/post"}],"author":[{"embeddable":true,"href":"https:\/\/tvbrazilusa.com\/pt\/wp-json\/wp\/v2\/users\/1"}],"replies":[{"embeddable":true,"href":"https:\/\/tvbrazilusa.com\/pt\/wp-json\/wp\/v2\/comments?post=40597"}],"version-history":[{"count":1,"href":"https:\/\/tvbrazilusa.com\/pt\/wp-json\/wp\/v2\/posts\/40597\/revisions"}],"predecessor-version":[{"id":40599,"href":"https:\/\/tvbrazilusa.com\/pt\/wp-json\/wp\/v2\/posts\/40597\/revisions\/40599"}],"wp:featuredmedia":[{"embeddable":true,"href":"https:\/\/tvbrazilusa.com\/pt\/wp-json\/wp\/v2\/media\/40598"}],"wp:attachment":[{"href":"https:\/\/tvbrazilusa.com\/pt\/wp-json\/wp\/v2\/media?parent=40597"}],"wp:term":[{"taxonomy":"category","embeddable":true,"href":"https:\/\/tvbrazilusa.com\/pt\/wp-json\/wp\/v2\/categories?post=40597"},{"taxonomy":"post_tag","embeddable":true,"href":"https:\/\/tvbrazilusa.com\/pt\/wp-json\/wp\/v2\/tags?post=40597"}],"curies":[{"name":"wp","href":"https:\/\/api.w.org\/{rel}","templated":true}]}}