{"id":40624,"date":"2024-09-22T23:34:46","date_gmt":"2024-09-22T23:34:46","guid":{"rendered":"https:\/\/tvbrazilusa.com\/2024\/09\/22\/imagens-fortes-mulher-e-morta-a-facadas-pelo-ex-enquanto-trabalhava-em-salao-de-beleza-veja-video\/"},"modified":"2024-09-22T23:34:47","modified_gmt":"2024-09-22T23:34:47","slug":"imagens-fortes-mulher-e-morta-a-facadas-pelo-ex-enquanto-trabalhava-em-salao-de-beleza-veja-video","status":"publish","type":"post","link":"https:\/\/tvbrazilusa.com\/pt\/2024\/09\/22\/imagens-fortes-mulher-e-morta-a-facadas-pelo-ex-enquanto-trabalhava-em-salao-de-beleza-veja-video\/","title":{"rendered":"IMAGENS FORTES: Mulher \u00e9 morta a facadas pelo ex enquanto trabalhava em sal\u00e3o de beleza; VEJA V\u00cdDEO"},"content":{"rendered":"<p> <script async src=\"https:\/\/pagead2.googlesyndication.com\/pagead\/js\/adsbygoogle.js?client=ca-pub-8864793242727901\"\r\n     crossorigin=\"anonymous\"><\/script><br \/>\n<\/p>\n<div id=\"taboola-read-more\" style=\"display:block; width:100%\">\n<p>Um homem de 29 anos matou a facadas a ex-companheira, de 32, no sal\u00e3o de beleza onde ela trabalhava, em Osasco, na Regi\u00e3o Metropolitana de <a href=\"https:\/\/www.metropoles.com\/sao-paulo\" target=\"_blank\" rel=\"noopener noreferrer\">S\u00e3o Paulo<\/a>, nesse s\u00e1bado (21\/9). Ele ainda feriu outra mulher, de 37, antes de fugir do local.\n<\/p>\n<p data-gtm-vis-recent-on-screen104869357_94=\"8342\" data-gtm-vis-first-on-screen104869357_94=\"8342\" data-gtm-vis-total-visible-time104869357_94=\"100\" data-gtm-vis-has-fired104869357_94=\"1\">Imagens mostram o momento em que Luiz Victor Ortega Xavier entra no sal\u00e3o e vai em dire\u00e7\u00e3o a Luana Ferreira, que trabalhava como manicure. O homem ignora a presen\u00e7a de outras funcion\u00e1rias e clientes e desfere 15 facadas na v\u00edtima.<\/p>\n<p>Veja:\n<\/p>\n<p><a href=\"https:\/\/www.instagram.com\/reel\/DAO2M-gteTa\/?igsh=MWppa211NmNyYnFyaA==\">https:\/\/www.instagram.com\/reel\/DAO2M-gteTa\/?igsh=MWppa211NmNyYnFyaA==<\/a>\n<\/p>\n<p>Metr\u00f3poles\u00a0 <\/p>\n<\/div>\n<p><script async src=\"\/\/www.instagram.com\/embed.js\"><\/script><br \/>\n<br \/><br \/>\n<br \/><a href=\"https:\/\/diariodobrasilnoticias.com.br\/noticia\/imagens-fortes-mulher-e-morta-a-facadas-pelo-ex-enquanto-trabalhava-em-salao-de-beleza-veja-video-66f0774427c73\">Source link <\/a><\/p>","protected":false},"excerpt":{"rendered":"<p>Um homem de 29 anos matou a facadas a ex-companheira, de 32, no sal\u00e3o de beleza onde ela trabalhava, em Osasco, na Regi\u00e3o Metropolitana de S\u00e3o Paulo, nesse s\u00e1bado (21\/9).&hellip;<\/p>","protected":false},"author":1,"featured_media":40625,"comment_status":"closed","ping_status":"open","sticky":false,"template":"","format":"standard","meta":{"content-type":"","footnotes":""},"categories":[16],"tags":[123,2448,5313,1267],"class_list":["post-40624","post","type-post","status-publish","format-standard","has-post-thumbnail","hentry","category-noticias","tag-brasil","tag-diario","tag-noticia","tag-noticias"],"_links":{"self":[{"href":"https:\/\/tvbrazilusa.com\/pt\/wp-json\/wp\/v2\/posts\/40624","targetHints":{"allow":["GET"]}}],"collection":[{"href":"https:\/\/tvbrazilusa.com\/pt\/wp-json\/wp\/v2\/posts"}],"about":[{"href":"https:\/\/tvbrazilusa.com\/pt\/wp-json\/wp\/v2\/types\/post"}],"author":[{"embeddable":true,"href":"https:\/\/tvbrazilusa.com\/pt\/wp-json\/wp\/v2\/users\/1"}],"replies":[{"embeddable":true,"href":"https:\/\/tvbrazilusa.com\/pt\/wp-json\/wp\/v2\/comments?post=40624"}],"version-history":[{"count":1,"href":"https:\/\/tvbrazilusa.com\/pt\/wp-json\/wp\/v2\/posts\/40624\/revisions"}],"predecessor-version":[{"id":40626,"href":"https:\/\/tvbrazilusa.com\/pt\/wp-json\/wp\/v2\/posts\/40624\/revisions\/40626"}],"wp:featuredmedia":[{"embeddable":true,"href":"https:\/\/tvbrazilusa.com\/pt\/wp-json\/wp\/v2\/media\/40625"}],"wp:attachment":[{"href":"https:\/\/tvbrazilusa.com\/pt\/wp-json\/wp\/v2\/media?parent=40624"}],"wp:term":[{"taxonomy":"category","embeddable":true,"href":"https:\/\/tvbrazilusa.com\/pt\/wp-json\/wp\/v2\/categories?post=40624"},{"taxonomy":"post_tag","embeddable":true,"href":"https:\/\/tvbrazilusa.com\/pt\/wp-json\/wp\/v2\/tags?post=40624"}],"curies":[{"name":"wp","href":"https:\/\/api.w.org\/{rel}","templated":true}]}}