{"id":40627,"date":"2024-09-22T23:27:50","date_gmt":"2024-09-22T23:27:50","guid":{"rendered":"https:\/\/tvbrazilusa.com\/2024\/09\/22\/prefeito-de-methuen-neil-perry-morre-aos-65-anos-apos-batalhas-de-saude\/"},"modified":"2024-09-22T23:40:44","modified_gmt":"2024-09-22T23:40:44","slug":"prefeito-de-methuen-neil-perry-morre-aos-65-anos-apos-batalhas-de-saude","status":"publish","type":"post","link":"https:\/\/tvbrazilusa.com\/pt\/2024\/09\/22\/prefeito-de-methuen-neil-perry-morre-aos-65-anos-apos-batalhas-de-saude\/","title":{"rendered":"Prefeito de Methuen, Neil Perry, morre aos 65 anos ap\u00f3s &#8216;batalhas de sa\u00fade&#8217;"},"content":{"rendered":"<p> <script async src=\"https:\/\/pagead2.googlesyndication.com\/pagead\/js\/adsbygoogle.js?client=ca-pub-8864793242727901\"\r\n     crossorigin=\"anonymous\"><\/script><br \/>\n<\/p>\n<div id=\"\">\n<header class=\"m-article-header m-article-header--standard\">\n\t\t\t\t\t\t\t\t\t\t\t\t<span id=\"article-header-primary-term\"><br \/>\n\t\t\t\t\t\t\t\t<a class=\"a-term a-term--primary\" href=\"https:\/\/www.boston.com\/tag\/local-news\/\"><\/p>\n<p>\t\t\t\t\t\t\t\tNot\u00edcias locais\t\t\t\t\t\t\t\t<\/a><br \/>\n\t\t\t\t\t\t\t<\/span><\/p>\n<h2 class=\"m-article-header__sub-headline\">&#8220;Todos na Comunidade sabiam que, n\u00e3o importava a situa\u00e7\u00e3o, Neil nunca recuava de uma luta se fosse pelo melhor interesse das fam\u00edlias trabalhadoras de Methuen.&#8221;<\/h2>\n<figure class=\"a-photo m-article-header__photo\"><figcaption class=\"a-photo__caption\">\n<p>\tO prefeito de Methuen, Neil Perry, morreu no s\u00e1bado ap\u00f3s &#8220;batalhas de sa\u00fade&#8221;.<em> Foto de John Tlumacki\/Equipe Globe(<\/em>\t<\/figcaption><\/figure>\n<\/header>\n<p>O prefeito de Methuen, Neil Perry, morreu no s\u00e1bado ap\u00f3s \u201cmuitas batalhas de sa\u00fade\u201d, disse seu gabinete em um comunicado.<\/p>\n<p>Perry, morador de Methuen desde sempre, tinha 65 anos e lutava contra uma doen\u00e7a renal, T<em>o Eagle-Tribune<\/em> <a href=\"https:\/\/www.eagletribune.com\/news\/merrimack_valley\/methuen-officials-confirm-death-of-mayor-neil-perry\/article_4fca2dc8-786d-11ef-81f2-e378c09d327a.html\">relatado<\/a>. <\/p>\n<p>\u201cO prefeito Perry travou muitas batalhas de sa\u00fade nos \u00faltimos anos, mas voltou de cada uma delas com vigor renovado para enfrentar, em suas pr\u00f3prias palavras, o melhor trabalho que j\u00e1 teve: ser prefeito da grande cidade de Methuen\u201d, diz a declara\u00e7\u00e3o de seu gabinete.<\/p>\n<p><iframe src=\"https:\/\/www.facebook.com\/plugins\/post.php?href=https%3A%2F%2Fwww.facebook.com%2Fmethuenmassgovt%2Fposts%2Fpfbid0234R9sTTnebucRhTdckhSQjmy9PyfWZPL6wkWE3bAmKNWuNAK99qohW37dmKVePDl&#038;show_text=true&#038;width=500\" width=\"500\" height=\"250\" style=\"border:none;overflow:hidden\" scrolling=\"no\" frameborder=\"0\" allowfullscreen=\"true\" allow=\"autoplay; clipboard-write; encrypted-media; picture-in-picture; web-share\"><\/iframe><\/p>\n<p>O vereador geral DJ Beauregard atuar\u00e1 como prefeito interino at\u00e9 que uma elei\u00e7\u00e3o especial possa ser realizada, de acordo com um acompanhamento <a href=\"https:\/\/www.facebook.com\/photo?fbid=984854643676431&#038;set=a.238620411633195\">declara\u00e7\u00e3o<\/a> do gabinete do prefeito. Beauregard foi escolhido para ser o primeiro na linha de sucess\u00e3o em uma reuni\u00e3o do Conselho Municipal de janeiro. <\/p>\n<p>O Conselho tamb\u00e9m realizar\u00e1 uma reuni\u00e3o de emerg\u00eancia na segunda-feira \u00e0 noite para discutir o \u201c<a href=\"https:\/\/www.cityofmethuen.net\/AlertCenter.aspx?AID=City-Council-Emergency-Meeting-September-54\">continua\u00e7\u00e3o do Governo Methuen<\/a> ap\u00f3s o falecimento prematuro do prefeito Perry.\u201d<\/p>\n<p>A elei\u00e7\u00e3o especial deve ser realizada dentro de 60 dias para substituir Perry.<\/p>\n<p>\u201cO prefeito Perry n\u00e3o era apenas um aliado pr\u00f3ximo e mentor \u2013 ele era meu amigo. Lamento a perda que nossa comunidade enfrenta e estou triste pela perda repentina do meu querido amigo\u201d, Beauregard <a href=\"https:\/\/www.facebook.com\/DJBeauregard\/posts\/pfbid033F4VA6oaAhQC4AhxA6sAc7sVanB8YdMmbLZvdxgq6zUrcFocF6dJtSynVjYx31Epl\">escreveu no Facebook<\/a>. \u201cComo prefeito interino, usarei as li\u00e7\u00f5es que aprendi com ele para manter nossa cidade avan\u00e7ando nos pr\u00f3ximos 60 dias.\u201d<\/p>\n<h2 class=\"wp-block-heading\" id=\"h-perry-was-a-former-teacher-fighting-for-transparency-in-methuen\">Perry era um ex-professor que lutava pela transpar\u00eancia em Methuen<\/h2>\n<p>Perry frequentou a Central Catholic High School em Lawrence e a University of Massachusetts Lowell, onde estudou educa\u00e7\u00e3o elementar e espanhol. Ele trabalhou como educador bil\u00edngue de transi\u00e7\u00e3o nas Escolas P\u00fablicas de Methuen antes de come\u00e7ar uma carreira de d\u00e9cadas na Raytheon, sua <a href=\"https:\/\/mayorneilperry.com\/accomplishments.html\">site da campanha<\/a> disse.<\/p>\n<p>Perry, um democrata, assumiu o cargo em 2020. Ele se concentrou em parte na implementa\u00e7\u00e3o de \u201csupervis\u00e3o fiscal conservadora\u201d e no aumento da transpar\u00eancia do governo, diz seu site. Ele ordenou uma auditoria do Departamento de Pol\u00edcia de Methuen ap\u00f3s <a href=\"https:\/\/www.boston.com\/news\/the-boston-globe\/2023\/04\/07\/new-report-finds-former-methuen-police-chief-should-face-criminal-charges-in-a-textbook-case-of-public-corruption\/\">fraude e corrup\u00e7\u00e3o generalizadas centradas<\/a> em torno do ex-chefe de alta renda tornou-se p\u00fablico.<\/p>\n<p>\u201cSua \u00faltima, e talvez maior, conquista foi garantir a compra da Searles Estate das Irm\u00e3s da Apresenta\u00e7\u00e3o de Maria pela cidade, salvando a propriedade mais ic\u00f4nica e hist\u00f3rica da cidade de um futuro incerto\u201d, disse o comunicado.<\/p>\n<p>Em julho, Perry anunciou seus planos de adquirir a Searles Estate, a propriedade do s\u00e9culo XIX de Edward Searles, membro de uma das fam\u00edlias filantr\u00f3picas de Methuen que remonta \u00e0 Era Industrial, de acordo com <a href=\"https:\/\/www.cityofmethuen.net\/CivicAlerts.aspx?AID=114\">para a cidade<\/a>. <\/p>\n<p>A propriedade, cujo valor estimado era de mais de US$ 10 milh\u00f5es, foi vendida \u00e0 cidade por US$ 3,25 milh\u00f5es.<\/p>\n<p>\u201cA cidade de Methuen deu um grande passo para garantir que a parte mais importante da rica era de grandes propriedades da Era Dourada de Methuen n\u00e3o seja perdida pela decad\u00eancia ou desenvolvimento indesejado, mas sim preservada e restaurada para o benef\u00edcio das futuras gera\u00e7\u00f5es de moradores de Methuen\u201d, disse Perry na \u00e9poca. <\/p>\n<h2 class=\"wp-block-heading\" id=\"h-local-state-and-congressional-leaders-mourn-perry\">L\u00edderes locais, estaduais e do Congresso lamentam a morte de Perry<\/h2>\n<p>Diana DiZoglio, auditora estadual e moradora de Methuen, disse que Perry \u201cdeu absolutamente tudo de si para nossa comunidade\u201d.<\/p>\n<figure class=\"wp-block-embed is-type-rich is-provider-twitter wp-block-embed-twitter\">\n<div class=\"wp-block-embed__wrapper\">\n<blockquote class=\"twitter-tweet\" data-width=\"500\" data-dnt=\"true\">\n<p lang=\"en\" dir=\"ltr\">Methuen sofreu uma perda terr\u00edvel esta noite. Nosso prefeito deu tudo de si para nossa comunidade \u2014 nunca vacilando em seus compromissos \u2014 sentiremos muito a sua falta. Enviando amor para seus filhos, entes queridos e equipe na prefeitura.<\/p>\n<p>\u2014 Diana DiZoglio (@DianaDiZoglio) <a href=\"https:\/\/twitter.com\/DianaDiZoglio\/status\/1837644377016979521?ref_src=twsrc%5Etfw\">22 de setembro de 2024<\/a><\/p><\/blockquote>\n<\/div>\n<\/figure>\n<p>A governadora Maura Healey, a deputada Lori Trahan e o promotor p\u00fablico do Condado de Essex, Paul Tucker, tamb\u00e9m compartilharam declara\u00e7\u00f5es nas redes sociais.<\/p>\n<figure class=\"wp-block-embed is-type-rich is-provider-twitter wp-block-embed-twitter\">\n<div class=\"wp-block-embed__wrapper\">\n<blockquote class=\"twitter-tweet\" data-width=\"500\" data-dnt=\"true\">\n<p lang=\"en\" dir=\"ltr\">.<a href=\"https:\/\/twitter.com\/MassLtGov?ref_src=twsrc%5Etfw\">@MassLtGov<\/a> e estendo nossas mais profundas condol\u00eancias aos entes queridos do prefeito Neil Perry e \u00e0 comunidade de Methuen. <\/p>\n<p>O prefeito Perry era uma pessoa maravilhosa e atenciosa e um grande l\u00edder. Ele acreditava e dava muito \u00e0 sua comunidade. Ele far\u00e1 muita falta.<\/p>\n<p>\u2014 Maura Healey (@MassGovernor) <a href=\"https:\/\/twitter.com\/MassGovernor\/status\/1837645744859148482?ref_src=twsrc%5Etfw\">22 de setembro de 2024<\/a><\/p><\/blockquote>\n<\/div>\n<\/figure>\n<p>\u201cTodos na Comunidade sabiam que, n\u00e3o importava a situa\u00e7\u00e3o, Neil nunca recuava de uma luta se fosse no melhor interesse das fam\u00edlias trabalhadoras de Methuen\u201d, escreveu Trahan.<\/p>\n<figure class=\"wp-block-embed is-type-rich is-provider-twitter wp-block-embed-twitter\">\n<div class=\"wp-block-embed__wrapper\">\n<blockquote class=\"twitter-tweet\" data-width=\"500\" data-dnt=\"true\">\n<p lang=\"en\" dir=\"ltr\">Estou com o cora\u00e7\u00e3o partido ao saber do falecimento do prefeito Neil Perry. Todos na Comunidade sabiam que, n\u00e3o importa a situa\u00e7\u00e3o, Neil nunca recuava de uma luta se fosse no melhor interesse das fam\u00edlias trabalhadoras de Methuen. <a href=\"https:\/\/t.co\/Z1xDjQKdpp\">https:\/\/t.co\/Z1xDjQKdpp<\/a><\/p>\n<p>\u2014 Lori Trahan (@RepLoriTrahan) <a href=\"https:\/\/twitter.com\/RepLoriTrahan\/status\/1837667486906319358?ref_src=twsrc%5Etfw\">22 de setembro de 2024<\/a><\/p><\/blockquote>\n<\/div>\n<\/figure>\n<div class=\"m-block m-generic-cta\t m-generic-cta--post-content\t m-generic-cta--dark\t m-generic-cta--homepage\t m-generic-cta--email-signup\t\t m-generic-cta-block-style--default \tt-amp__generic-cta\"><\/p>\n<div class=\"m-generic-cta__wrap\">\n<div class=\"m-generic-cta__content\">\n<h3 class=\"m-generic-cta__title\">Boston.com Hoje<\/h3>\n<p class=\"m-generic-cta__subtitle\">Inscreva-se para receber as \u00faltimas manchetes na sua caixa de entrada todas as manh\u00e3s.<\/p>\n<\/p><\/div>\n<\/p><\/div>\n<\/div><\/div>\n<p><script async src=\"\/\/platform.twitter.com\/widgets.js\" charset=\"utf-8\"><\/script><script>\n\t\tvar consent=\"grant\";\n\t\t\/* The above code is parsing the JSON data from the local storage and storing it in a variable. *\/\n\t\t\t\t\tconst onetrustStorageConsent = JSON.parse(localStorage.getItem( 'consent_one_trust_bdc' ) );\n\t\t\tif ( ( onetrustStorageConsent !== null ) ) {\n\t\t\t\t\/* Checking to see if the user has consented to the use of cookies.\n\t\t\t\t* If they have not, it is deleting the cookie.\n\t\t\t\t* This will comment for now, until further notice.\n\t\t\t\t*\/\n\t\t\t\t\/\/if ( onetrustStorageConsent.C0002 === false ) {\n\t\t\t\t\/\/\tdocument.cookie=\"_fbp=;expires=Thu, 01 Jan 2010 00:00:00 UTC; path=\/; domain=.boston.com\";\n\t\t\t\t\/\/}\n\t\t\t\t\/* Checking if the user has given consent for the cookie C0002.\n\t\t\t\t* If the user has given consent, the variable consent will be set to 'grant'.\n\t\t\t\t* If the user has not given consent,the variable consent will be set to 'revoke'.\n\t\t\t\t* Documentation https:\/\/developers.facebook.com\/docs\/meta-pixel\/implementation\/gdpr\n\t\t\t\t*\/\n\t\t\t\tif ( onetrustStorageConsent.C0002 !== true ) {\n\t\t\t\t\tconsent=\"revoke\";\n\t\t\t\t}\n\t\t\t}\n\t\t\t\t!function(f,b,e,v,n,t,s)\n\t\t{if(f.fbq)return;n=f.fbq=function(){n.callMethod?\n\t\tn.callMethod.apply(n,arguments):n.queue.push(arguments)};\n\t\tif(!f._fbq)f._fbq=n;n.push=n;n.loaded=!0;n.version='2.0';\n\t\tn.queue=[];t=b.createElement(e);t.async=!0;\n\t\tt.src=v;s=b.getElementsByTagName(e)[0];\n\t\ts.parentNode.insertBefore(t,s)}(window, document,'script',\n\t\t'https:\/\/connect.facebook.net\/en_US\/fbevents.js');\n\t\tfbq('consent', consent);\n\t\tfbq('init', '989222871864976');\n\t\tfbq('track', 'PageView');\n\t<\/script><script type=\"module\">\n\t\tvar consent=\"grant\";\n\t\t\/* The above code is parsing the JSON data from the local storage and storing it in a variable. *\/\n\t\t\tconst onetrustStorageConsent = JSON.parse(localStorage.getItem( 'consent_one_trust_bdc' ) );\n\t\t\t\/* Checking to see if the user has consented to the use of cookies.\n\t\t\t* If they have not, it is deleting the cookie.\n\t\t\t* This will comment for now, until further notice.\n\t\t\t*\/\n\t\t\t\/\/if ( onetrustStorageConsent.C0002 === false ) {\n\t\t\t\/\/\tdocument.cookie=\"_fbp=;expires=Thu, 01 Jan 2010 00:00:00 UTC; path=\/; domain=.boston.com\";\n\t\t\t\/\/}\n\t\t\t\/* Checking if the user has given consent for the cookie C0002.\n\t\t\t* If the user has given consent, the variable consent will be set to 'grant'.\n\t\t\t* If the user has not given consent,the variable consent will be set to 'revoke'.\n\t\t\t* Documentation https:\/\/developers.facebook.com\/docs\/meta-pixel\/implementation\/gdpr\n\t\t\t*\/\n\t\t\tif ( ( onetrustStorageConsent !== null ) && (onetrustStorageConsent.C0002 !== true ) ) {\n\t\t\t\tconsent=\"revoke\";\n\t\t\t}\n\t\t\t\t!function(f,b,e,v,n,t,s){if(f.fbq)return;n=f.fbq=function()\n\t\t{n.callMethod? n.callMethod.apply(n,arguments):n.queue.push(arguments)}\n\t\t;if(!f._fbq)f._fbq=n;\n\t\tn.push=n;n.loaded=!0;n.version='2.0';n.queue=[];t=b.createElement(e);t.async=!0;\n\t\tt.src=v;s=b.getElementsByTagName(e)[0];s.parentNode.insertBefore(t,s)}(window,\n\t\tdocument,'script','https:\/\/connect.facebook.net\/en_US\/fbevents.js');\n\t\tfbq('consent', consent);\n\t\tfbq('init', '813236348753005');\n\t\tfbq('track', \"PageView\");\n\t<\/script><br \/>\n<br \/><br \/>\n<br \/><a href=\"https:\/\/www.boston.com\/news\/local-news\/2024\/09\/22\/methuens-mayor-neil-perry-dies-at-age-65-after-health-battles\/\">Source link <\/a><\/p>","protected":false},"excerpt":{"rendered":"<p>Not\u00edcias locais &#8220;Todos na Comunidade sabiam que, n\u00e3o importava a situa\u00e7\u00e3o, Neil nunca recuava de uma luta se fosse pelo melhor interesse das fam\u00edlias trabalhadoras de Methuen.&#8221; O prefeito de&hellip;<\/p>","protected":false},"author":1,"featured_media":40628,"comment_status":"closed","ping_status":"open","sticky":false,"template":"","format":"standard","meta":{"content-type":"","footnotes":""},"categories":[1],"tags":[],"class_list":["post-40627","post","type-post","status-publish","format-standard","has-post-thumbnail","hentry","category-uncategorized"],"_links":{"self":[{"href":"https:\/\/tvbrazilusa.com\/pt\/wp-json\/wp\/v2\/posts\/40627","targetHints":{"allow":["GET"]}}],"collection":[{"href":"https:\/\/tvbrazilusa.com\/pt\/wp-json\/wp\/v2\/posts"}],"about":[{"href":"https:\/\/tvbrazilusa.com\/pt\/wp-json\/wp\/v2\/types\/post"}],"author":[{"embeddable":true,"href":"https:\/\/tvbrazilusa.com\/pt\/wp-json\/wp\/v2\/users\/1"}],"replies":[{"embeddable":true,"href":"https:\/\/tvbrazilusa.com\/pt\/wp-json\/wp\/v2\/comments?post=40627"}],"version-history":[{"count":1,"href":"https:\/\/tvbrazilusa.com\/pt\/wp-json\/wp\/v2\/posts\/40627\/revisions"}],"predecessor-version":[{"id":40629,"href":"https:\/\/tvbrazilusa.com\/pt\/wp-json\/wp\/v2\/posts\/40627\/revisions\/40629"}],"wp:featuredmedia":[{"embeddable":true,"href":"https:\/\/tvbrazilusa.com\/pt\/wp-json\/wp\/v2\/media\/40628"}],"wp:attachment":[{"href":"https:\/\/tvbrazilusa.com\/pt\/wp-json\/wp\/v2\/media?parent=40627"}],"wp:term":[{"taxonomy":"category","embeddable":true,"href":"https:\/\/tvbrazilusa.com\/pt\/wp-json\/wp\/v2\/categories?post=40627"},{"taxonomy":"post_tag","embeddable":true,"href":"https:\/\/tvbrazilusa.com\/pt\/wp-json\/wp\/v2\/tags?post=40627"}],"curies":[{"name":"wp","href":"https:\/\/api.w.org\/{rel}","templated":true}]}}