{"id":40684,"date":"2024-09-23T02:47:47","date_gmt":"2024-09-23T02:47:47","guid":{"rendered":"https:\/\/tvbrazilusa.com\/2024\/09\/23\/o-desfile-do-dia-porto-riquenho-de-greater-hartford-atraiu-milhares-de-pessoas-a-capital\/"},"modified":"2024-09-23T02:56:11","modified_gmt":"2024-09-23T02:56:11","slug":"o-desfile-do-dia-porto-riquenho-de-greater-hartford-atraiu-milhares-de-pessoas-a-capital","status":"publish","type":"post","link":"https:\/\/tvbrazilusa.com\/pt\/2024\/09\/23\/o-desfile-do-dia-porto-riquenho-de-greater-hartford-atraiu-milhares-de-pessoas-a-capital\/","title":{"rendered":"O desfile do Dia Porto-riquenho de Greater Hartford atraiu milhares de pessoas \u00e0 capital"},"content":{"rendered":"<script async src=\"https:\/\/pagead2.googlesyndication.com\/pagead\/js\/adsbygoogle.js?client=ca-pub-8864793242727901\"\r\n     crossorigin=\"anonymous\"><\/script>\n<p>HARTFORD, Connecticut (WTNH) \u2014 Centenas de bandeiras porto-riquenhas estavam tremulando no domingo em Hartford para o Desfile do Dia de Porto Rico na Grande Hartford. <\/p>\n<p>Manifestantes aplaudindo e acenando encheram as ruas de Frog Hollow at\u00e9 o parque Bushnell. <\/p>\n<p>O Instituto de Desenvolvimento Comunit\u00e1rio de Connecticut organiza esse desfile anual, que j\u00e1 est\u00e1 em seu 60\u00ba ano, e para muitas fam\u00edlias \u00e9 como estar em sua ilha natal. <\/p>\n<div class=\"nlp-ignore-block article-content rich-text\">\n<aside class=\"promo-link\">\n\t<a href=\"https:\/\/www.wtnh.com\/news\/connecticut\/hartford\/heres-what-you-need-to-know-about-the-2024-greater-hartford-puerto-rican-day-parade\/?ipid=promo-link-block1\" class=\"promo-link__link\"><\/p>\n<p>\t\tASSISTA: Desfile do Dia de Porto Rico em Greater Hartford 2024 no News 8\t<\/a><br \/>\n<\/aside>\n<\/div>\n<p>&#8220;Ser porto-riquenho \u00e9 algo muito bom porque nossa cultura existe h\u00e1 muitos anos e estamos aqui para abra\u00e7\u00e1-la&#8221;, disse um jovem com sua fam\u00edlia. <\/p>\n<p>O desfile tomou uma nova rota este ano, e os tr\u00eas mil manifestantes caminharam quase duas milhas pela cidade. Os jovens participantes foram alguns dos mais animados.<\/p>\n<p>&#8220;Vim ao desfile porque aqui \u00e9 divertido e h\u00e1 muitas coisas para fazer&#8221;, disse uma jovem na cal\u00e7ada. <\/p>\n<p>A m\u00fasica e a dan\u00e7a fizeram as pessoas se movimentarem e elevaram a energia. Um grupo voou de Ponce ontem \u00e0 noite vestido com fantasias coloridas baseadas em personagens ic\u00f4nicos porto-riquenhos. <\/p>\n<p>Geobany Rodriguez foi um dos visitantes da ilha e disse ao News 8: &#8220;O vejigante \u00e9 um personagem tradicional que usamos em Porto Rico em todos os carnavais. Visitamos todas as cidades, todas as vilas em todos os Porto Ricos o ano inteiro.&#8221;<\/p>\n<p>Nenhum desfile estaria completo sem a realeza. As atuais e antigas Misses Porto Rico marcharam junto com o desfile. <\/p>\n<p>Uma ex-Miss Porto Rico disse: &#8220;Queremos apenas educar as pessoas sobre a cultura, nossa tradi\u00e7\u00e3o e acolhemos a todos, amamos Porto Rico. Porto Rico representa, aqui estamos para representar aqui a nuestra isla.&#8221;<\/p>\n<p>Se voc\u00ea n\u00e3o conseguiu vir hoje, n\u00e3o se preocupe. O desfile pode ser visto na \u00edntegra <a href=\"https:\/\/www.wtnh.com\/news\/connecticut\/hartford\/heres-what-you-need-to-know-about-the-2024-greater-hartford-puerto-rican-day-parade\/\">aqui no News 8<\/a>.<\/p>\n<p><br \/>\n<br \/><a href=\"https:\/\/www.wtnh.com\/news\/connecticut\/hartford\/the-greater-hartford-puerto-rican-day-parade-brought-thousands-to-the-capital-city\/\">Source link <\/a><\/p>","protected":false},"excerpt":{"rendered":"<p>HARTFORD, Connecticut (WTNH) \u2014 Centenas de bandeiras porto-riquenhas estavam tremulando no domingo em Hartford para o Desfile do Dia de Porto Rico na Grande Hartford. Manifestantes aplaudindo e acenando encheram&hellip;<\/p>","protected":false},"author":1,"featured_media":40685,"comment_status":"closed","ping_status":"open","sticky":false,"template":"","format":"standard","meta":{"content-type":"","footnotes":""},"categories":[1],"tags":[],"class_list":["post-40684","post","type-post","status-publish","format-standard","has-post-thumbnail","hentry","category-uncategorized"],"_links":{"self":[{"href":"https:\/\/tvbrazilusa.com\/pt\/wp-json\/wp\/v2\/posts\/40684","targetHints":{"allow":["GET"]}}],"collection":[{"href":"https:\/\/tvbrazilusa.com\/pt\/wp-json\/wp\/v2\/posts"}],"about":[{"href":"https:\/\/tvbrazilusa.com\/pt\/wp-json\/wp\/v2\/types\/post"}],"author":[{"embeddable":true,"href":"https:\/\/tvbrazilusa.com\/pt\/wp-json\/wp\/v2\/users\/1"}],"replies":[{"embeddable":true,"href":"https:\/\/tvbrazilusa.com\/pt\/wp-json\/wp\/v2\/comments?post=40684"}],"version-history":[{"count":1,"href":"https:\/\/tvbrazilusa.com\/pt\/wp-json\/wp\/v2\/posts\/40684\/revisions"}],"predecessor-version":[{"id":40686,"href":"https:\/\/tvbrazilusa.com\/pt\/wp-json\/wp\/v2\/posts\/40684\/revisions\/40686"}],"wp:featuredmedia":[{"embeddable":true,"href":"https:\/\/tvbrazilusa.com\/pt\/wp-json\/wp\/v2\/media\/40685"}],"wp:attachment":[{"href":"https:\/\/tvbrazilusa.com\/pt\/wp-json\/wp\/v2\/media?parent=40684"}],"wp:term":[{"taxonomy":"category","embeddable":true,"href":"https:\/\/tvbrazilusa.com\/pt\/wp-json\/wp\/v2\/categories?post=40684"},{"taxonomy":"post_tag","embeddable":true,"href":"https:\/\/tvbrazilusa.com\/pt\/wp-json\/wp\/v2\/tags?post=40684"}],"curies":[{"name":"wp","href":"https:\/\/api.w.org\/{rel}","templated":true}]}}