{"id":40720,"date":"2024-09-18T18:35:35","date_gmt":"2024-09-18T18:35:35","guid":{"rendered":"https:\/\/tvbrazilusa.com\/2024\/09\/18\/qual-e-a-sua-estacao-favorita-outono-inverno-primavera-ou-verao-survey\/"},"modified":"2024-09-23T08:53:26","modified_gmt":"2024-09-23T08:53:26","slug":"qual-e-a-sua-estacao-favorita-outono-inverno-primavera-ou-verao-survey","status":"publish","type":"post","link":"https:\/\/tvbrazilusa.com\/pt\/2024\/09\/18\/qual-e-a-sua-estacao-favorita-outono-inverno-primavera-ou-verao-survey\/","title":{"rendered":"Qual \u00e9 a sua esta\u00e7\u00e3o favorita? Outono, inverno, primavera ou ver\u00e3o? [Survey]"},"content":{"rendered":"<p> <script async src=\"https:\/\/pagead2.googlesyndication.com\/pagead\/js\/adsbygoogle.js?client=ca-pub-8864793242727901\"\r\n     crossorigin=\"anonymous\"><\/script><br \/>\n<\/p>\n<div>\n<p>EM TODA A AM\u00c9RICA \u2014 A <a href=\"https:\/\/patch.com\/us\/across-america\/when-1st-day-fall-2024-what-know-autumnal-equinox\">chegada do outono<\/a> sinaliza o in\u00edcio de dias frios e frescos, noites mais longas e um caleidosc\u00f3pio de cores de folhas em mudan\u00e7a.<\/p>\n<\/div>\n<div>\n<p>\u00c9 sua esta\u00e7\u00e3o favorita? Para alguns, nenhuma outra esta\u00e7\u00e3o sequer chega perto.<\/p>\n<p>Ou voc\u00ea prefere os dias quentes e longos do ver\u00e3o e as noites estreladas? E a primavera, a esta\u00e7\u00e3o da renova\u00e7\u00e3o, do crescimento e dos novos come\u00e7os? Ou voc\u00ea \u00e9 uma pessoa que vive o inverno todo e gosta de brincar na neve e se aquecer em frente \u00e0 lareira?<\/p>\n<\/div>\n<div>\n<p>Decidimos nos divertir pedindo aos leitores do Patch que n\u00e3o apenas nos contassem sua esta\u00e7\u00e3o favorita, mas tamb\u00e9m a defendessem como se estivessem no concurso de debate do col\u00e9gio.<\/p>\n<p>Basta preencher a pesquisa informal abaixo. Divirta-se com sua resposta. E n\u00e3o se preocupe; n\u00e3o coletamos endere\u00e7os de e-mail.<\/p>\n<\/div>\n<p><br \/>\n<br \/><a href=\"http:\/\/patch.com\/us\/across-america\/what-s-your-favorite-season-fall-winter-spring-or-summer-survey?utm_source=article-mostrecent&#038;utm_medium=rss&#038;utm_term=seasonal%20%26%20holidays&#038;utm_campaign=recirc&#038;utm_content=aol\">Source link <\/a><\/p>","protected":false},"excerpt":{"rendered":"<p>EM TODA A AM\u00c9RICA \u2014 A chegada do outono sinaliza o in\u00edcio de dias frios e frescos, noites mais longas e um caleidosc\u00f3pio de cores de folhas em mudan\u00e7a. \u00c9&hellip;<\/p>","protected":false},"author":1,"featured_media":40721,"comment_status":"closed","ping_status":"open","sticky":false,"template":"","format":"standard","meta":{"content-type":"","footnotes":""},"categories":[1],"tags":[],"class_list":["post-40720","post","type-post","status-publish","format-standard","has-post-thumbnail","hentry","category-uncategorized"],"_links":{"self":[{"href":"https:\/\/tvbrazilusa.com\/pt\/wp-json\/wp\/v2\/posts\/40720","targetHints":{"allow":["GET"]}}],"collection":[{"href":"https:\/\/tvbrazilusa.com\/pt\/wp-json\/wp\/v2\/posts"}],"about":[{"href":"https:\/\/tvbrazilusa.com\/pt\/wp-json\/wp\/v2\/types\/post"}],"author":[{"embeddable":true,"href":"https:\/\/tvbrazilusa.com\/pt\/wp-json\/wp\/v2\/users\/1"}],"replies":[{"embeddable":true,"href":"https:\/\/tvbrazilusa.com\/pt\/wp-json\/wp\/v2\/comments?post=40720"}],"version-history":[{"count":1,"href":"https:\/\/tvbrazilusa.com\/pt\/wp-json\/wp\/v2\/posts\/40720\/revisions"}],"predecessor-version":[{"id":40722,"href":"https:\/\/tvbrazilusa.com\/pt\/wp-json\/wp\/v2\/posts\/40720\/revisions\/40722"}],"wp:featuredmedia":[{"embeddable":true,"href":"https:\/\/tvbrazilusa.com\/pt\/wp-json\/wp\/v2\/media\/40721"}],"wp:attachment":[{"href":"https:\/\/tvbrazilusa.com\/pt\/wp-json\/wp\/v2\/media?parent=40720"}],"wp:term":[{"taxonomy":"category","embeddable":true,"href":"https:\/\/tvbrazilusa.com\/pt\/wp-json\/wp\/v2\/categories?post=40720"},{"taxonomy":"post_tag","embeddable":true,"href":"https:\/\/tvbrazilusa.com\/pt\/wp-json\/wp\/v2\/tags?post=40720"}],"curies":[{"name":"wp","href":"https:\/\/api.w.org\/{rel}","templated":true}]}}