{"id":40729,"date":"2024-09-23T10:19:25","date_gmt":"2024-09-23T10:19:25","guid":{"rendered":"https:\/\/tvbrazilusa.com\/2024\/09\/23\/musk-afirma-que-a-spacex-pretende-lancar-aproximadamente-cinco-naves-nao-tripuladas-para-marte-nos-proximos-dois-anos\/"},"modified":"2024-09-23T10:19:26","modified_gmt":"2024-09-23T10:19:26","slug":"musk-afirma-que-a-spacex-pretende-lancar-aproximadamente-cinco-naves-nao-tripuladas-para-marte-nos-proximos-dois-anos","status":"publish","type":"post","link":"https:\/\/tvbrazilusa.com\/pt\/2024\/09\/23\/musk-afirma-que-a-spacex-pretende-lancar-aproximadamente-cinco-naves-nao-tripuladas-para-marte-nos-proximos-dois-anos\/","title":{"rendered":"Musk afirma que a SpaceX pretende lan\u00e7ar aproximadamente cinco naves n\u00e3o tripuladas para Marte nos pr\u00f3ximos dois anos"},"content":{"rendered":"<p> <script async src=\"https:\/\/pagead2.googlesyndication.com\/pagead\/js\/adsbygoogle.js?client=ca-pub-8864793242727901\"\r\n     crossorigin=\"anonymous\"><\/script><br \/>\n<\/p>\n<div>\n<figure class=\"post-image\">\n<\/figure>\n<p><span style=\"font-size: 12px\">Foto: SPACEX \/ AFP<\/span><\/p>\n<div id=\"taboola-read-more\" style=\"display:block; width:100%\">\n<p>A SpaceX planeja lan\u00e7ar cerca de cinco naves espaciais sem tripula\u00e7\u00e3o para Marte em dois anos, disse o presidente-executivo Elon Musk em um post na plataforma de m\u00eddia social X neste domingo (22).\n<\/p>\n<p>&#8220;Se todas elas aterrissarem com seguran\u00e7a, as miss\u00f5es tripuladas ser\u00e3o poss\u00edveis em quatro anos&#8221;, disse ele, acrescentando que, em caso de desafios, as miss\u00f5es tripuladas ser\u00e3o adiadas por mais dois anos.<\/p>\n<p>&#8220;N\u00e3o importa o que aconte\u00e7a com o sucesso do pouso, a SpaceX aumentar\u00e1 exponencialmente o n\u00famero de naves espaciais viajando para Marte a cada oportunidade de tr\u00e2nsito&#8221;, disse o fundador da SpaceX.<br \/>Musk mencionou o lan\u00e7amento das naves n\u00e3o tripuladas para Marte no in\u00edcio deste m\u00eas em uma postagem no X, dizendo que &#8220;as primeiras naves espaciais para Marte ser\u00e3o lan\u00e7adas em dois anos, quando a pr\u00f3xima janela de transfer\u00eancia Terra-Marte for aberta&#8221;.\n<\/p>\n<p>Fonte: G1 <\/p>\n<\/div>\n<div class=\"row mt-3\">\n<div class=\"col-sm-6\">\n<p><a href=\"https:\/\/chat.whatsapp.com\/GwURnmOyPiN1XheGYvCspN\" target=\"_blank\" rel=\"noopener\"><br \/>\n<img decoding=\"async\" src=\"https:\/\/diariodobrasilnoticias.com.br\/assets-site\/images\/bot_whatsapp.png\"\/><\/a>\n<\/div>\n<div class=\"col-sm-6\">\n<a href=\"https:\/\/t.me\/+_4gTmi5LKo03OTM5\" target=\"_blank\" rel=\"noopener\"><br \/>\n<img decoding=\"async\" src=\"https:\/\/diariodobrasilnoticias.com.br\/assets-site\/images\/bot_telegram.png\"\/><\/a>\n<\/div>\n<\/div>\n<\/div>\n<p><br \/>\n<br \/><a href=\"https:\/\/diariodobrasilnoticias.com.br\/noticia\/musk-afirma-que-a-spacex-pretende-lancar-aproximadamente-cinco-naves-nao-tripuladas-para-marte-nos-proximos-dois-anos-66f13ea311902\">Source link <\/a><\/p>","protected":false},"excerpt":{"rendered":"<p>Foto: SPACEX \/ AFP A SpaceX planeja lan\u00e7ar cerca de cinco naves espaciais sem tripula\u00e7\u00e3o para Marte em dois anos, disse o presidente-executivo Elon Musk em um post na plataforma&hellip;<\/p>","protected":false},"author":1,"featured_media":40730,"comment_status":"closed","ping_status":"open","sticky":false,"template":"","format":"standard","meta":{"content-type":"","footnotes":""},"categories":[16],"tags":[123,2448,5313,1267],"class_list":["post-40729","post","type-post","status-publish","format-standard","has-post-thumbnail","hentry","category-noticias","tag-brasil","tag-diario","tag-noticia","tag-noticias"],"_links":{"self":[{"href":"https:\/\/tvbrazilusa.com\/pt\/wp-json\/wp\/v2\/posts\/40729","targetHints":{"allow":["GET"]}}],"collection":[{"href":"https:\/\/tvbrazilusa.com\/pt\/wp-json\/wp\/v2\/posts"}],"about":[{"href":"https:\/\/tvbrazilusa.com\/pt\/wp-json\/wp\/v2\/types\/post"}],"author":[{"embeddable":true,"href":"https:\/\/tvbrazilusa.com\/pt\/wp-json\/wp\/v2\/users\/1"}],"replies":[{"embeddable":true,"href":"https:\/\/tvbrazilusa.com\/pt\/wp-json\/wp\/v2\/comments?post=40729"}],"version-history":[{"count":1,"href":"https:\/\/tvbrazilusa.com\/pt\/wp-json\/wp\/v2\/posts\/40729\/revisions"}],"predecessor-version":[{"id":40731,"href":"https:\/\/tvbrazilusa.com\/pt\/wp-json\/wp\/v2\/posts\/40729\/revisions\/40731"}],"wp:featuredmedia":[{"embeddable":true,"href":"https:\/\/tvbrazilusa.com\/pt\/wp-json\/wp\/v2\/media\/40730"}],"wp:attachment":[{"href":"https:\/\/tvbrazilusa.com\/pt\/wp-json\/wp\/v2\/media?parent=40729"}],"wp:term":[{"taxonomy":"category","embeddable":true,"href":"https:\/\/tvbrazilusa.com\/pt\/wp-json\/wp\/v2\/categories?post=40729"},{"taxonomy":"post_tag","embeddable":true,"href":"https:\/\/tvbrazilusa.com\/pt\/wp-json\/wp\/v2\/tags?post=40729"}],"curies":[{"name":"wp","href":"https:\/\/api.w.org\/{rel}","templated":true}]}}