{"id":40741,"date":"2024-09-23T11:08:23","date_gmt":"2024-09-23T11:08:23","guid":{"rendered":"https:\/\/tvbrazilusa.com\/2024\/09\/23\/dirceu-defende-o-direito-legitimo-dos-palestinos-de-se-armarem-contra-israel\/"},"modified":"2024-09-23T11:08:24","modified_gmt":"2024-09-23T11:08:24","slug":"dirceu-defende-o-direito-legitimo-dos-palestinos-de-se-armarem-contra-israel","status":"publish","type":"post","link":"https:\/\/tvbrazilusa.com\/pt\/2024\/09\/23\/dirceu-defende-o-direito-legitimo-dos-palestinos-de-se-armarem-contra-israel\/","title":{"rendered":"Dirceu defende o &#8216;direito leg\u00edtimo&#8217; dos palestinos de se armarem contra Israel"},"content":{"rendered":"<p> <script async src=\"https:\/\/pagead2.googlesyndication.com\/pagead\/js\/adsbygoogle.js?client=ca-pub-8864793242727901\"\r\n     crossorigin=\"anonymous\"><\/script><br \/>\n<\/p>\n<div id=\"taboola-read-more\" style=\"display:block; width:100%\">\n<p tabindex=\"0\">O ex-ministro e ex-deputado condenado pelo Mensal\u00e3o e Lava Jato, Jos\u00e9 Dirceu (PT), disse que os palestinos t\u00eam \u201cdireito sagrado\u201d de se levantaram em armas contra Israel.\n<\/p>\n<p tabindex=\"0\">De acordo com o petista, o presidente Lula (PT) est\u00e1 correto em classificar a rea\u00e7\u00e3o de Israel em Gaza como \u201cgenoc\u00eddio\u201d.<\/p>\n<p tabindex=\"0\">\u201cO Lula est\u00e1 corret\u00edssimo. N\u00e3o h\u00e1 raz\u00e3o para n\u00e3o nos manifestarmos claramente. O que aconteceu l\u00e1 [em Gaza] foi e \u00e9 um genoc\u00eddio, uma guerra de exterm\u00ednio [&#8230;] \u00c9 um colonialismo. A Palestina est\u00e1 ocupada por Israel, que n\u00e3o reconhece o direito do povo palestino ao seu Estado\u201d, disse Dirceu em entrevista concedida \u00e0\u00a0<em>Folha de S\u00e3o Paulo<\/em>, neste domingo (22).\n<\/p>\n<p>\u201cO povo palestino tem o direito de se levantar em armas contra a ocupa\u00e7\u00e3o de Israel. Tem o direito. Sagrado. Ali\u00e1s, o [presidente da Turquia, Recep Tayyip] Erdogan falou isso. Est\u00e1 na Carta das Na\u00e7\u00f5es Unidas. \u00c9 uma ocupa\u00e7\u00e3o. \u00c9 um colonialismo, uma segrega\u00e7\u00e3o, um apartheid social grave\u201d, completou.\n<\/p>\n<p>Em 7 de outubro de 2023, terroristas do Hamas atacaram homens, mulheres, crian\u00e7as e idosos israelenses, todos civis desarmados, deixando 1.300 mortos.\n<\/p>\n<p>Ainda, de acordo com Dirceu, \u201cn\u00e3o \u00e9 porque houve um atentado do Hamas que voc\u00ea \u00e9 obrigado a concordar com a pol\u00edtica que Israel est\u00e1 desenvolvendo hoje\u201d.\n<\/p>\n<p>Dirceu tamb\u00e9m defendeu setores da esquerda que t\u00eam atacado Israel.\n<\/p>\n<p>\u201cCondenar Israel n\u00e3o tem nada a ver com antissemitismo. No Brasil nunca teve antissemitismo [&#8230;] Eu nunca vi antissemitismo dentro do PT. Nunca houve problema entre o partido e os judeus\u201d, afirmou Dirceu.\n<\/p>\n<p><strong>Dirceu criticou diplomacia do governo Lula com Venezuela<\/strong><br \/>Em outro trecho da entrevista, Dirceu criticou a diplomacia do governo Lula em rela\u00e7\u00e3o \u00e0 Venezuela.\n<\/p>\n<p>\u201cNossa posi\u00e7\u00e3o tem que ser a mesma do M\u00e9xico. N\u00f3s n\u00e3o podemos interferir nas quest\u00f5es internas da Venezuela. Temos que preservar [a tradi\u00e7\u00e3o diplom\u00e1tica]. E evitar a diplomacia informal, de WhatsApp, de entrevistas coletivas\u201d, afirmou Dirceu.\n<\/p>\n<p>\u201cTudo bem que todo mundo usa [esses instrumentos]. Mas, se tudo \u00e9 feito publicamente, a situa\u00e7\u00e3o fica irrevers\u00edvel\u201d, completou.\n<\/p>\n<p>Fonte: Gazeta do Povo <\/p>\n<\/div>\n<p><br \/>\n<br \/><a href=\"https:\/\/diariodobrasilnoticias.com.br\/noticia\/dirceu-defende-o-direito-legitimo-dos-palestinos-de-se-armarem-contra-israel-66f13c91cd57c\">Source link <\/a><\/p>","protected":false},"excerpt":{"rendered":"<p>O ex-ministro e ex-deputado condenado pelo Mensal\u00e3o e Lava Jato, Jos\u00e9 Dirceu (PT), disse que os palestinos t\u00eam \u201cdireito sagrado\u201d de se levantaram em armas contra Israel. De acordo com&hellip;<\/p>","protected":false},"author":1,"featured_media":40742,"comment_status":"closed","ping_status":"open","sticky":false,"template":"","format":"standard","meta":{"content-type":"","footnotes":""},"categories":[16],"tags":[123,2448,5313,1267],"class_list":["post-40741","post","type-post","status-publish","format-standard","has-post-thumbnail","hentry","category-noticias","tag-brasil","tag-diario","tag-noticia","tag-noticias"],"_links":{"self":[{"href":"https:\/\/tvbrazilusa.com\/pt\/wp-json\/wp\/v2\/posts\/40741","targetHints":{"allow":["GET"]}}],"collection":[{"href":"https:\/\/tvbrazilusa.com\/pt\/wp-json\/wp\/v2\/posts"}],"about":[{"href":"https:\/\/tvbrazilusa.com\/pt\/wp-json\/wp\/v2\/types\/post"}],"author":[{"embeddable":true,"href":"https:\/\/tvbrazilusa.com\/pt\/wp-json\/wp\/v2\/users\/1"}],"replies":[{"embeddable":true,"href":"https:\/\/tvbrazilusa.com\/pt\/wp-json\/wp\/v2\/comments?post=40741"}],"version-history":[{"count":1,"href":"https:\/\/tvbrazilusa.com\/pt\/wp-json\/wp\/v2\/posts\/40741\/revisions"}],"predecessor-version":[{"id":40743,"href":"https:\/\/tvbrazilusa.com\/pt\/wp-json\/wp\/v2\/posts\/40741\/revisions\/40743"}],"wp:featuredmedia":[{"embeddable":true,"href":"https:\/\/tvbrazilusa.com\/pt\/wp-json\/wp\/v2\/media\/40742"}],"wp:attachment":[{"href":"https:\/\/tvbrazilusa.com\/pt\/wp-json\/wp\/v2\/media?parent=40741"}],"wp:term":[{"taxonomy":"category","embeddable":true,"href":"https:\/\/tvbrazilusa.com\/pt\/wp-json\/wp\/v2\/categories?post=40741"},{"taxonomy":"post_tag","embeddable":true,"href":"https:\/\/tvbrazilusa.com\/pt\/wp-json\/wp\/v2\/tags?post=40741"}],"curies":[{"name":"wp","href":"https:\/\/api.w.org\/{rel}","templated":true}]}}