{"id":4079,"date":"2024-07-19T16:45:00","date_gmt":"2024-07-19T16:45:00","guid":{"rendered":"https:\/\/tvbrazilusa.com\/2024\/07\/19\/lider-do-governo-no-congresso-randolfe-esta-de-volta-ao-pt-paulo-figueiredo\/"},"modified":"2024-07-19T19:41:04","modified_gmt":"2024-07-19T19:41:04","slug":"lider-do-governo-no-congresso-randolfe-esta-de-volta-ao-pt-paulo-figueiredo","status":"publish","type":"post","link":"https:\/\/tvbrazilusa.com\/pt\/2024\/07\/19\/lider-do-governo-no-congresso-randolfe-esta-de-volta-ao-pt-paulo-figueiredo\/","title":{"rendered":"L\u00edder do governo no Congresso, Randolfe est\u00e1 de volta ao PT &#8211; Paulo Figueiredo"},"content":{"rendered":"<p> <script async src=\"https:\/\/pagead2.googlesyndication.com\/pagead\/js\/adsbygoogle.js?client=ca-pub-8864793242727901\"\r\n     crossorigin=\"anonymous\"><\/script><br \/>\n<\/p>\n<div id=\"wtr-content\" data-bg=\"#FFFFFF\" data-fg=\"#006d91\" data-width=\"25\" data-mute=\"1\" data-fgopacity=\"1.00\" data-mutedopacity=\"0.5\" data-placement=\"bottom\" data-placement-offset=\"0\" data-content-offset=\"262\" data-placement-touch=\"bottom\" data-placement-offset-touch=\"0\" data-transparent=\"\" data-shadow=\"0\" data-touch=\"1\" data-non-touch=\"1\" data-comments=\"0\" data-commentsbg=\"transparent\" data-location=\"page\" data-mutedfg=\"#006d91\" data-endfg=\"#006d91\" data-rtl=\"\">\n<pre class=\"wp-block-preformatted has-small-font-size\">Foto - Ricardo Stuckert<\/pre>\n<h3 class=\"wp-block-heading\">Senador se filiou ao partido ao lado do presidente Luiz In\u00e1cio Lula da Silva, nesta quinta-feira, 18<\/h3>\n<p>O l\u00edder do governo no Congresso,\u00a0<strong>senador<\/strong>\u00a0Randolfe Rodrigues (AP), assinou, nesta quinta-feira, 18, a ficha de filia\u00e7\u00e3o ao Partido dos Trabalhadores (PT), no Pal\u00e1cio do Alvorada. O ato ocorreu ao lado do presidente Luiz In\u00e1cio Lula da Silva; da presidente do PT, deputada federal Gleisi Hoffmann (PR); da primeira-dama, Janja da Silva; e do ministro das Rela\u00e7\u00f5es Institucionais, Alexandre Padilha.<\/p>\n<p>Nas redes sociais, o parlamentar comemorou a filia\u00e7\u00e3o. \u201cFoi aqui que vi a pr\u00e1tica das teorias que tanto li nos livros\u201d, escreveu em seu perfil oficial no Instagram. \u201cFoi aqui que vi um homem pobre, retirante nordestino, trabalhador, metal\u00fargico, lutador, se tornar o maior l\u00edder mundial.\u201d<\/p>\n<p>A filia\u00e7\u00e3o marca o retorno do senador amapaense ao PT. Randolfe era filiado \u00e0 legenda at\u00e9 2005, quando deixou o partido em meio ao esc\u00e2ndalo do Mensal\u00e3o e se juntou ao Psol, em que ficou por dez anos. Depois, migrou para a Rede Sustentabilidade, em que ficou at\u00e9 maio de 2023.<\/p>\n<p>Ele\u00a0<strong>deixou a Rede depois de um suposto desentendimento\u00a0<\/strong>com a ministra do Meio Ambiente, Marina Silva, que \u00e9 filiada ao partido. Na ocasi\u00e3o,<strong>\u00a0ele havia sinalizado um poss\u00edvel retorno ao PT, mas isso s\u00f3 foi oficializado hoje.\u00a0<\/strong>Agora o PT conta com nove senadores.<\/p>\n<p>Com a nova filia\u00e7\u00e3o, Lula ter\u00e1 todos os l\u00edderes do Pal\u00e1cio do Planalto no Congresso de seu mesmo partido, sendo: o deputado federal Jos\u00e9 Guimar\u00e3es (PT-CE) na C\u00e2mara, o senador Jaques Wagner (PT-BA) no Senado e Randolfe no Congresso.<\/p>\n<p><strong><a href=\"https:\/\/revistaoeste.com\/politica\/lider-do-governo-no-congresso-randolfe-esta-de-volta-ao-pt\/\">Source link<\/a><\/strong><\/p>\n<\/div>\n<p><br \/>\n<br \/><a href=\"https:\/\/paulofigueiredoshow.com\/lider-do-governo-no-congresso-randolfe-esta-de-volta-ao-pt\/\">Source link <\/a><\/p>","protected":false},"excerpt":{"rendered":"<p>Foto &#8211; Ricardo Stuckert Senador se filiou ao partido ao lado do presidente Luiz In\u00e1cio Lula da Silva, nesta quinta-feira, 18 O l\u00edder do governo no Congresso,\u00a0senador\u00a0Randolfe Rodrigues (AP), assinou,&hellip;<\/p>","protected":false},"author":1,"featured_media":4080,"comment_status":"closed","ping_status":"open","sticky":false,"template":"","format":"standard","meta":{"content-type":"","footnotes":""},"categories":[16],"tags":[],"class_list":["post-4079","post","type-post","status-publish","format-standard","has-post-thumbnail","hentry","category-noticias"],"_links":{"self":[{"href":"https:\/\/tvbrazilusa.com\/pt\/wp-json\/wp\/v2\/posts\/4079","targetHints":{"allow":["GET"]}}],"collection":[{"href":"https:\/\/tvbrazilusa.com\/pt\/wp-json\/wp\/v2\/posts"}],"about":[{"href":"https:\/\/tvbrazilusa.com\/pt\/wp-json\/wp\/v2\/types\/post"}],"author":[{"embeddable":true,"href":"https:\/\/tvbrazilusa.com\/pt\/wp-json\/wp\/v2\/users\/1"}],"replies":[{"embeddable":true,"href":"https:\/\/tvbrazilusa.com\/pt\/wp-json\/wp\/v2\/comments?post=4079"}],"version-history":[{"count":1,"href":"https:\/\/tvbrazilusa.com\/pt\/wp-json\/wp\/v2\/posts\/4079\/revisions"}],"predecessor-version":[{"id":4081,"href":"https:\/\/tvbrazilusa.com\/pt\/wp-json\/wp\/v2\/posts\/4079\/revisions\/4081"}],"wp:featuredmedia":[{"embeddable":true,"href":"https:\/\/tvbrazilusa.com\/pt\/wp-json\/wp\/v2\/media\/4080"}],"wp:attachment":[{"href":"https:\/\/tvbrazilusa.com\/pt\/wp-json\/wp\/v2\/media?parent=4079"}],"wp:term":[{"taxonomy":"category","embeddable":true,"href":"https:\/\/tvbrazilusa.com\/pt\/wp-json\/wp\/v2\/categories?post=4079"},{"taxonomy":"post_tag","embeddable":true,"href":"https:\/\/tvbrazilusa.com\/pt\/wp-json\/wp\/v2\/tags?post=4079"}],"curies":[{"name":"wp","href":"https:\/\/api.w.org\/{rel}","templated":true}]}}