{"id":40793,"date":"2024-09-23T13:32:33","date_gmt":"2024-09-23T13:32:33","guid":{"rendered":"https:\/\/tvbrazilusa.com\/2024\/09\/23\/prisao-vip-vazam-detalhes-de-novas-regalias-na-prisao-de-deolane-bezerra-confira\/"},"modified":"2024-09-23T13:32:34","modified_gmt":"2024-09-23T13:32:34","slug":"prisao-vip-vazam-detalhes-de-novas-regalias-na-prisao-de-deolane-bezerra-confira","status":"publish","type":"post","link":"https:\/\/tvbrazilusa.com\/pt\/2024\/09\/23\/prisao-vip-vazam-detalhes-de-novas-regalias-na-prisao-de-deolane-bezerra-confira\/","title":{"rendered":"PRIS\u00c3O VIP: Vazam detalhes de novas regalias na pris\u00e3o de Deolane Bezerra; CONFIRA"},"content":{"rendered":"<p> <script async src=\"https:\/\/pagead2.googlesyndication.com\/pagead\/js\/adsbygoogle.js?client=ca-pub-8864793242727901\"\r\n     crossorigin=\"anonymous\"><\/script><br \/>\n<\/p>\n<div id=\"taboola-read-more\" style=\"display:block; width:100%\">\n<p>A advogada Deolane Bezerra permanece presa na Col\u00f4nia Penal Feminina de Bu\u00edque, em Pernambuco, desde quando perdeu o direito de responder pelo crime em pris\u00e3o domiciliar. Em entrevista ao programa &#8220;Fofocalizando&#8221;, a m\u00e3e de uma das detentas contou detalhes sobre a estadia da Ex-A Fazenda no local.\n<\/p>\n<p class=\"texto\">Entretanto, a mulher, que n\u00e3o foi identificada, revelou como \u00e9 a rotina da col\u00f4nia. &#8220;Elas tem tudo a\u00ed, comida na hora certa. A refei\u00e7\u00e3o delas \u00e9 feij\u00e3o, macarr\u00e3o, carne, a noite tem cuscuz com ovo&#8221;, iniciou ela.\u00a0<\/p>\n<p class=\"texto\">Na sequ\u00eancia o rep\u00f3rter questionou sobre a influenciadora. A mulher revelou que, Deolane Bezerra est\u00e1 em uma cela separada junto ao ber\u00e7\u00e1rio. &#8220;Segundo terceiros, me falaram que ela est\u00e1 em uma cela separada que \u00e9 junto com o ber\u00e7\u00e1rio. Para mulheres que tem bebezinho&#8221;, disse ela.\u00a0\n<\/p>\n<p class=\"texto\">Al\u00e9m disso, a mulher revelou que a advogada teria direito a banho de sol: &#8220;Falaram para mim que ela tem direito a banho de sol. Ela tem a parte dela&#8221;, respondeu a an\u00f4nima. Em seguida, o rep\u00f3rter ainda informou que, no local nenhuma cela tem ar-condicionado.\u00a0\n<\/p>\n<p class=\"texto\">Para quem n\u00e3o acompanhou,\u00a0Deolane foi presa no dia 4 de setembro por\u00a0suspeita de envolvimento em uma suposta organiza\u00e7\u00e3o criminosa que atua em jogos ilegais e lavagem de dinheiro\u00a0e que teria movimentado quase R$ 3 bilh\u00f5es.\n<\/p>\n<p class=\"texto\">Fonte: Correio Braziliense <\/p>\n<\/div>\n<p><br \/>\n<br \/><a href=\"https:\/\/diariodobrasilnoticias.com.br\/noticia\/vazam-detalhes-de-novas-regalias-na-prisao-de-deolane-bezerra-confira-66f15b812d066\">Source link <\/a><\/p>","protected":false},"excerpt":{"rendered":"<p>A advogada Deolane Bezerra permanece presa na Col\u00f4nia Penal Feminina de Bu\u00edque, em Pernambuco, desde quando perdeu o direito de responder pelo crime em pris\u00e3o domiciliar. Em entrevista ao programa&hellip;<\/p>","protected":false},"author":1,"featured_media":40794,"comment_status":"closed","ping_status":"open","sticky":false,"template":"","format":"standard","meta":{"content-type":"","footnotes":""},"categories":[16],"tags":[123,2448,5313,1267],"class_list":["post-40793","post","type-post","status-publish","format-standard","has-post-thumbnail","hentry","category-noticias","tag-brasil","tag-diario","tag-noticia","tag-noticias"],"_links":{"self":[{"href":"https:\/\/tvbrazilusa.com\/pt\/wp-json\/wp\/v2\/posts\/40793","targetHints":{"allow":["GET"]}}],"collection":[{"href":"https:\/\/tvbrazilusa.com\/pt\/wp-json\/wp\/v2\/posts"}],"about":[{"href":"https:\/\/tvbrazilusa.com\/pt\/wp-json\/wp\/v2\/types\/post"}],"author":[{"embeddable":true,"href":"https:\/\/tvbrazilusa.com\/pt\/wp-json\/wp\/v2\/users\/1"}],"replies":[{"embeddable":true,"href":"https:\/\/tvbrazilusa.com\/pt\/wp-json\/wp\/v2\/comments?post=40793"}],"version-history":[{"count":1,"href":"https:\/\/tvbrazilusa.com\/pt\/wp-json\/wp\/v2\/posts\/40793\/revisions"}],"predecessor-version":[{"id":40795,"href":"https:\/\/tvbrazilusa.com\/pt\/wp-json\/wp\/v2\/posts\/40793\/revisions\/40795"}],"wp:featuredmedia":[{"embeddable":true,"href":"https:\/\/tvbrazilusa.com\/pt\/wp-json\/wp\/v2\/media\/40794"}],"wp:attachment":[{"href":"https:\/\/tvbrazilusa.com\/pt\/wp-json\/wp\/v2\/media?parent=40793"}],"wp:term":[{"taxonomy":"category","embeddable":true,"href":"https:\/\/tvbrazilusa.com\/pt\/wp-json\/wp\/v2\/categories?post=40793"},{"taxonomy":"post_tag","embeddable":true,"href":"https:\/\/tvbrazilusa.com\/pt\/wp-json\/wp\/v2\/tags?post=40793"}],"curies":[{"name":"wp","href":"https:\/\/api.w.org\/{rel}","templated":true}]}}