{"id":40881,"date":"2024-09-23T17:46:41","date_gmt":"2024-09-23T17:46:41","guid":{"rendered":"https:\/\/tvbrazilusa.com\/2024\/09\/23\/auxiliares-de-zambelli-prestam-depoimento-no-stf-no-caso-da-invasao-ao-sistema-do-cnj-paulo-figueiredo\/"},"modified":"2024-09-23T18:01:16","modified_gmt":"2024-09-23T18:01:16","slug":"auxiliares-de-zambelli-prestam-depoimento-no-stf-no-caso-da-invasao-ao-sistema-do-cnj-paulo-figueiredo","status":"publish","type":"post","link":"https:\/\/tvbrazilusa.com\/pt\/2024\/09\/23\/auxiliares-de-zambelli-prestam-depoimento-no-stf-no-caso-da-invasao-ao-sistema-do-cnj-paulo-figueiredo\/","title":{"rendered":"Auxiliares de Zambelli prestam depoimento no STF no caso da invas\u00e3o ao sistema do CNJ &#8211; Paulo Figueiredo"},"content":{"rendered":"<p> <script async src=\"https:\/\/pagead2.googlesyndication.com\/pagead\/js\/adsbygoogle.js?client=ca-pub-8864793242727901\"\r\n     crossorigin=\"anonymous\"><\/script><br \/>\n<\/p>\n<div id=\"wtr-content\" data-bg=\"#FFFFFF\" data-fg=\"#006d91\" data-width=\"25\" data-mute=\"1\" data-fgopacity=\"1.00\" data-mutedopacity=\"0.5\" data-placement=\"bottom\" data-placement-offset=\"0\" data-content-offset=\"262\" data-placement-touch=\"bottom\" data-placement-offset-touch=\"0\" data-transparent=\"\" data-shadow=\"0\" data-touch=\"1\" data-non-touch=\"1\" data-comments=\"0\" data-commentsbg=\"transparent\" data-location=\"page\" data-mutedfg=\"#006d91\" data-endfg=\"#006d91\" data-rtl=\"\">\n<h3 class=\"wp-block-heading\">Deputada federal estaria por tr\u00e1s de invas\u00e3o ao sistema do CNJ<\/h3>\n<p>O Supremo Tribunal Federal (STF) ouve, nesta segunda-feira, 23, o depoimento de auxiliares da deputada Carla Zambelli (PL-SP).<\/p>\n<p>Carla responde a um processo que trata da invas\u00e3o<em>\u00a0<\/em>ao sistema do Conselho Nacional de Justi\u00e7a (CNJ).<\/p>\n<p>De acordo com as investiga\u00e7\u00f5es, o crime teria sido praticado pelo\u00a0<em>hacker<\/em>\u00a0Walter Delgatti a mando da parlamentar.<\/p>\n<p>Em 21 de maio, por unanimidade, a Primeira Turma do STF tornou Carla e Delgatti r\u00e9us. A Procuradoria-Geral da Rep\u00fablica apresentou a den\u00fancia. A defesa de Carla disse que \u201cnada obstante o recebimento da den\u00fancia, novamente ir\u00e1 requerer acesso a todas as m\u00eddias para que possa tomar amplo conhecimento desse material e submeter \u00e0 per\u00edcia privada necess\u00e1ria para apresenta\u00e7\u00e3o da sua defesa escrita\u201d.<\/p>\n<h3 class=\"wp-block-heading\">Lista de auxiliares de Carla Zambelli e outras pessoas a serem ouvidas<\/h3>\n<p>Seis pessoas prestam depoimento no tribunal. A seguir, a lista:<\/p>\n<ul class=\"wp-block-list\">\n<li>Thiago Eliezer Martins dos Santos, condenado com Delgatti no caso da invas\u00e3o de celulares de autoridades que ficou conhecido como \u201cVaza Jato\u201d;<\/li>\n<li>Rosfran Lins Borges,\u00a0servidor do CNJ;<\/li>\n<li>Renan Cesar Silva Goulart, que trabalhou com odeputado estadual Bruno Zambelli;<\/li>\n<li>Luan Rocha Brito;<\/li>\n<li>Cristiane de Brum Nunes Marim;<\/li>\n<li>Renan Cesar Silva Goulart, que trabalhou com o irm\u00e3o de Carla.<\/li>\n<\/ul>\n<p><strong><a href=\"https:\/\/revistaoeste.com\/politica\/auxiliares-de-carla-zambelli-prestam-depoimento-no-stf-no-caso-da-invasao-ao-sistema-do-cnj\/?utm_campaign&#038;utm_term\">Source link<\/a><\/strong><\/p>\n<\/div>\n<p><br \/>\n<br \/><a href=\"https:\/\/paulofigueiredoshow.com\/auxiliares-de-zambelli-prestam-depoimento-no-stf-no-caso-da-invasao-ao-sistema-do-cnj\/\">Source link <\/a><\/p>","protected":false},"excerpt":{"rendered":"<p>Deputada federal estaria por tr\u00e1s de invas\u00e3o ao sistema do CNJ O Supremo Tribunal Federal (STF) ouve, nesta segunda-feira, 23, o depoimento de auxiliares da deputada Carla Zambelli (PL-SP). Carla&hellip;<\/p>","protected":false},"author":1,"featured_media":7884,"comment_status":"closed","ping_status":"open","sticky":false,"template":"","format":"standard","meta":{"content-type":"","footnotes":""},"categories":[16],"tags":[11322,22079,22080,5082,22081,871],"class_list":["post-40881","post","type-post","status-publish","format-standard","has-post-thumbnail","hentry","category-noticias","tag-audiencia","tag-auxiliares","tag-carla","tag-cnj","tag-reus","tag-stf"],"_links":{"self":[{"href":"https:\/\/tvbrazilusa.com\/pt\/wp-json\/wp\/v2\/posts\/40881","targetHints":{"allow":["GET"]}}],"collection":[{"href":"https:\/\/tvbrazilusa.com\/pt\/wp-json\/wp\/v2\/posts"}],"about":[{"href":"https:\/\/tvbrazilusa.com\/pt\/wp-json\/wp\/v2\/types\/post"}],"author":[{"embeddable":true,"href":"https:\/\/tvbrazilusa.com\/pt\/wp-json\/wp\/v2\/users\/1"}],"replies":[{"embeddable":true,"href":"https:\/\/tvbrazilusa.com\/pt\/wp-json\/wp\/v2\/comments?post=40881"}],"version-history":[{"count":1,"href":"https:\/\/tvbrazilusa.com\/pt\/wp-json\/wp\/v2\/posts\/40881\/revisions"}],"predecessor-version":[{"id":40882,"href":"https:\/\/tvbrazilusa.com\/pt\/wp-json\/wp\/v2\/posts\/40881\/revisions\/40882"}],"wp:featuredmedia":[{"embeddable":true,"href":"https:\/\/tvbrazilusa.com\/pt\/wp-json\/wp\/v2\/media\/7884"}],"wp:attachment":[{"href":"https:\/\/tvbrazilusa.com\/pt\/wp-json\/wp\/v2\/media?parent=40881"}],"wp:term":[{"taxonomy":"category","embeddable":true,"href":"https:\/\/tvbrazilusa.com\/pt\/wp-json\/wp\/v2\/categories?post=40881"},{"taxonomy":"post_tag","embeddable":true,"href":"https:\/\/tvbrazilusa.com\/pt\/wp-json\/wp\/v2\/tags?post=40881"}],"curies":[{"name":"wp","href":"https:\/\/api.w.org\/{rel}","templated":true}]}}