{"id":4089,"date":"2024-07-19T19:44:24","date_gmt":"2024-07-19T19:44:24","guid":{"rendered":"https:\/\/tvbrazilusa.com\/2024\/07\/19\/primeira-foto-da-filha-cacula-de-neymar-e-publicada-por-modelo-veja\/"},"modified":"2024-07-19T19:57:50","modified_gmt":"2024-07-19T19:57:50","slug":"primeira-foto-da-filha-cacula-de-neymar-e-publicada-por-modelo-veja","status":"publish","type":"post","link":"https:\/\/tvbrazilusa.com\/pt\/2024\/07\/19\/primeira-foto-da-filha-cacula-de-neymar-e-publicada-por-modelo-veja\/","title":{"rendered":"Primeira foto da filha ca\u00e7ula de Neymar \u00e9 publicada por modelo; VEJA"},"content":{"rendered":"<p> <script async src=\"https:\/\/pagead2.googlesyndication.com\/pagead\/js\/adsbygoogle.js?client=ca-pub-8864793242727901\"\r\n     crossorigin=\"anonymous\"><\/script><br \/>\n<\/p>\n<div>\n<p>A emo\u00e7\u00e3o toma conta da fam\u00edlia de Neymar mais uma vez. Amanda Kimberlly, que h\u00e1 t\u00e3o pouco tempo revelou sua conex\u00e3o com o astro do futebol, compartilhou recentemente uma ador\u00e1vel imagem de Helena, a nova integrante da prole de Neymar. A chegada de sua filha Helena, destacada pelo registro em seu nome do craque, sublinha n\u00e3o apenas a extens\u00e3o da fam\u00edlia mas tamb\u00e9m os la\u00e7os que unem essas vidas, apesar das din\u00e2micas complexas envolvidas.<\/p>\n<p>Na rede social Instagram, Kimberlly expressou sua felicidade ao mencionar que julho, m\u00eas de nascimento de Helena, tornou-se seu per\u00edodo favorito do ano, ainda que sem citar explicitamente Neymar. A escolha discreta de palavras, focando somente no j\u00fabilo de sua filha, captura perfeitamente o momento de celebra\u00e7\u00e3o pessoal, deixando as repercuss\u00f5es midi\u00e1ticas \u00e0 margem.<\/p>\n<blockquote class=\"instagram-media\" data-instgrm-captioned=\"\" data-instgrm-permalink=\"https:\/\/www.instagram.com\/p\/C9nU4f1vbVG\/?utm_source=ig_embed&#038;utm_campaign=loading\" data-instgrm-version=\"14\" style=\" background:#FFF; border:0; border-radius:3px; box-shadow:0 0 1px 0 rgba(0,0,0,0.5),0 1px 10px 0 rgba(0,0,0,0.15); margin: 1px; max-width:540px; min-width:326px; padding:0; width:99.375%; width:-webkit-calc(100% - 2px); width:calc(100% - 2px);\"\/>\n<h2 class=\"wp-block-heading\">Quem \u00c9 Amanda Kimberlly, M\u00e3e da Nova Filha de Neymar?<\/h2>\n<p>\u00a0Amanda Kimberlly ganhou notoriedade ao integrar-se ao cen\u00e1rio pessoal de Neymar. Apesar do foco frequentemente estar na figura do jogador, Kimberlly mant\u00e9m uma presen\u00e7a discreta, compartilhando momentos significativos sem alarde. Com uma vida pessoal resguardada, seu principal interesse parece ser a tranquilidade e bem-estar de sua fam\u00edlia, o que transparece em suas publica\u00e7\u00f5es nas redes sociais.<\/p>\n<h2 class=\"wp-block-heading\">Como S\u00e3o Tratados os Filhos de Neymar?<\/h2>\n<p>\u00a0Helena, a rec\u00e9m-nascida, j\u00e1 desfruta dos mesmos luxos que sua irm\u00e3 Mavie. Ambas foram acolhidas pelo mesmo ambiente de nascimento, com decora\u00e7\u00f5es e mimos semelhantes, indicando uma continuidade na forma como Neymar deseja que suas filhas sejam recebidas no mundo. A aten\u00e7\u00e3o aos detalhes e a busca por conforto, seja na maternidade escolhida ou nos primeiros itens de uso pessoal das crian\u00e7as, revelam o cuidado do atleta com seu legado mais precioso \u2013 seus filhos.<\/p>\n<h2 class=\"wp-block-heading\">Qual o Impacto da Maternidade Compartilhada na Vida de Neymar?<\/h2>\n<p>\u00a0O nascimento de Helena vem em um momento delicado, particularmente considerando as din\u00e2micas com Bruna Biancardi, atualmente reconectada com Neymar. A partilha de recursos como decoradores e outros servi\u00e7os entre Biancardi e Kimberlly gerou certo desconforto, evidenciado por intera\u00e7\u00f5es nas redes sociais. Essa situa\u00e7\u00e3o sublinha os desafios de gerenciar rela\u00e7\u00f5es pessoais sob o escrut\u00ednio p\u00fablico, uma realidade persistente na vida de figuras p\u00fablicas como Neymar.<\/p>\n<\/p><\/div>\n<p><script async defer src=\"https:\/\/platform.instagram.com\/en_US\/embeds.js\"><\/script><br \/>\n<br \/><br \/>\n<br \/><a href=\"https:\/\/terrabrasilnoticias.com\/2024\/07\/primeira-foto-da-filha-cacula-de-neymar-e-publicada-por-modelo-veja\/\">Source link <\/a><\/p>","protected":false},"excerpt":{"rendered":"<p>A emo\u00e7\u00e3o toma conta da fam\u00edlia de Neymar mais uma vez. Amanda Kimberlly, que h\u00e1 t\u00e3o pouco tempo revelou sua conex\u00e3o com o astro do futebol, compartilhou recentemente uma ador\u00e1vel&hellip;<\/p>","protected":false},"author":1,"featured_media":4090,"comment_status":"closed","ping_status":"open","sticky":false,"template":"","format":"standard","meta":{"content-type":"","footnotes":""},"categories":[16],"tags":[],"class_list":["post-4089","post","type-post","status-publish","format-standard","has-post-thumbnail","hentry","category-noticias"],"_links":{"self":[{"href":"https:\/\/tvbrazilusa.com\/pt\/wp-json\/wp\/v2\/posts\/4089","targetHints":{"allow":["GET"]}}],"collection":[{"href":"https:\/\/tvbrazilusa.com\/pt\/wp-json\/wp\/v2\/posts"}],"about":[{"href":"https:\/\/tvbrazilusa.com\/pt\/wp-json\/wp\/v2\/types\/post"}],"author":[{"embeddable":true,"href":"https:\/\/tvbrazilusa.com\/pt\/wp-json\/wp\/v2\/users\/1"}],"replies":[{"embeddable":true,"href":"https:\/\/tvbrazilusa.com\/pt\/wp-json\/wp\/v2\/comments?post=4089"}],"version-history":[{"count":1,"href":"https:\/\/tvbrazilusa.com\/pt\/wp-json\/wp\/v2\/posts\/4089\/revisions"}],"predecessor-version":[{"id":4091,"href":"https:\/\/tvbrazilusa.com\/pt\/wp-json\/wp\/v2\/posts\/4089\/revisions\/4091"}],"wp:featuredmedia":[{"embeddable":true,"href":"https:\/\/tvbrazilusa.com\/pt\/wp-json\/wp\/v2\/media\/4090"}],"wp:attachment":[{"href":"https:\/\/tvbrazilusa.com\/pt\/wp-json\/wp\/v2\/media?parent=4089"}],"wp:term":[{"taxonomy":"category","embeddable":true,"href":"https:\/\/tvbrazilusa.com\/pt\/wp-json\/wp\/v2\/categories?post=4089"},{"taxonomy":"post_tag","embeddable":true,"href":"https:\/\/tvbrazilusa.com\/pt\/wp-json\/wp\/v2\/tags?post=4089"}],"curies":[{"name":"wp","href":"https:\/\/api.w.org\/{rel}","templated":true}]}}