{"id":40910,"date":"2024-09-23T19:58:22","date_gmt":"2024-09-23T19:58:22","guid":{"rendered":"https:\/\/tvbrazilusa.com\/2024\/09\/23\/urgente-justica-decreta-a-prisao-do-cantor-gusttavo-lima-entenda\/"},"modified":"2024-09-23T19:58:23","modified_gmt":"2024-09-23T19:58:23","slug":"urgente-justica-decreta-a-prisao-do-cantor-gusttavo-lima-entenda","status":"publish","type":"post","link":"https:\/\/tvbrazilusa.com\/pt\/2024\/09\/23\/urgente-justica-decreta-a-prisao-do-cantor-gusttavo-lima-entenda\/","title":{"rendered":"URGENTE: Justi\u00e7a decreta a pris\u00e3o do cantor Gusttavo Lima; entenda"},"content":{"rendered":"<p> <script async src=\"https:\/\/pagead2.googlesyndication.com\/pagead\/js\/adsbygoogle.js?client=ca-pub-8864793242727901\"\r\n     crossorigin=\"anonymous\"><\/script><br \/>\n<\/p>\n<div id=\"taboola-read-more\" style=\"display:block; width:100%\">\n<p>A Justi\u00e7a de Pernambuco determinou, na tarde desta segunda-feira (23), a pris\u00e3o do cantor Gusttavo Lima. A decis\u00e3o \u00e9 da ju\u00edza Andrea Calado da Cruz, do Tribunal de Justi\u00e7a do estado.\n<\/p>\n<p>A pris\u00e3o acontece no \u00e2mbito da Opera\u00e7\u00e3o Integration, que prendeu tamb\u00e9m a influenciadora e advogada Deolane Bezerra.<\/p>\n<p>O processo tramita em sigilo, mas a\u00a0<strong>Folha<\/strong>\u00a0teve acesso \u00e0 decis\u00e3o. A ju\u00edza acatou pedido da Pol\u00edcia Civil de Pernambuco e rejeitou argumentos do Minist\u00e9rio P\u00fablico de Pernambuco, que, na sexta-feira (20), tinha pedido a substitui\u00e7\u00e3o de pris\u00f5es preventivas por outras medidas cautelares.\n<\/p>\n<p>&#8220;\u00c9 imperioso destacar que Nivaldo Batista Lima [nome verdadeiro de Gusttavo Lima], ao dar guarida a foragidos, demonstra uma alarmante falta de considera\u00e7\u00e3o pela Justi\u00e7a. Sua intensa rela\u00e7\u00e3o financeira com esses indiv\u00edduos, que inclui movimenta\u00e7\u00f5es suspeitas, levanta s\u00e9rias quest\u00f5es sobre sua pr\u00f3pria participa\u00e7\u00e3o em atividades criminosas. A conex\u00e3o de sua empresa com a rede de lavagem de dinheiro sugere um comprometimento que n\u00e3o pode ser ignorado&#8221;, escreveu a ju\u00edza.\n<\/p>\n<p>A ju\u00edza aponta que, no retorno de uma viagem \u00e0 Gr\u00e9cia, uma aeronave que transportou Gusttavo Lima e outros dois investigados pode ter deixado dois investigados no exterior.\n<\/p>\n<p>&#8220;Na ida, a aeronave transportou Nivaldo Lima e o casal de investigados, seguindo o trajeto Goi\u00e2nia \u2013 Atenas \u2013 Kavala. No retorno, o percurso foi Kavala \u2013 Atenas \u2013 Ilhas Can\u00e1rias \u2013 Goi\u00e2nia, o que sugere que Jos\u00e9 Andr\u00e9 e Aislla possam ter desembarcado na Gr\u00e9cia ou nas Ilhas Can\u00e1rias, na Espanha. Esses ind\u00edcios refor\u00e7am a gravidade da situa\u00e7\u00e3o e a necessidade de uma investiga\u00e7\u00e3o minuciosa, evidenciando que a coniv\u00eancia de Nivaldo Batista Lima com foragidos n\u00e3o apenas compromete a integridade do sistema judicial, mas tamb\u00e9m perpetua a impunidade em um contexto de grave criminalidade&#8221;, diz.\n<\/p>\n<p><strong>Folha de S\u00e3o Paulo\u00a0<\/strong> <\/p>\n<\/div>\n<p><br \/>\n<br \/><a href=\"https:\/\/diariodobrasilnoticias.com.br\/noticia\/urgente-justica-decreta-a-prisao-do-cantor-gusttavo-lima-entenda-66f1b54d90355\">Source link <\/a><\/p>","protected":false},"excerpt":{"rendered":"<p>A Justi\u00e7a de Pernambuco determinou, na tarde desta segunda-feira (23), a pris\u00e3o do cantor Gusttavo Lima. A decis\u00e3o \u00e9 da ju\u00edza Andrea Calado da Cruz, do Tribunal de Justi\u00e7a do&hellip;<\/p>","protected":false},"author":1,"featured_media":40911,"comment_status":"closed","ping_status":"open","sticky":false,"template":"","format":"standard","meta":{"content-type":"","footnotes":""},"categories":[16],"tags":[123,2448,5313,1267],"class_list":["post-40910","post","type-post","status-publish","format-standard","has-post-thumbnail","hentry","category-noticias","tag-brasil","tag-diario","tag-noticia","tag-noticias"],"_links":{"self":[{"href":"https:\/\/tvbrazilusa.com\/pt\/wp-json\/wp\/v2\/posts\/40910","targetHints":{"allow":["GET"]}}],"collection":[{"href":"https:\/\/tvbrazilusa.com\/pt\/wp-json\/wp\/v2\/posts"}],"about":[{"href":"https:\/\/tvbrazilusa.com\/pt\/wp-json\/wp\/v2\/types\/post"}],"author":[{"embeddable":true,"href":"https:\/\/tvbrazilusa.com\/pt\/wp-json\/wp\/v2\/users\/1"}],"replies":[{"embeddable":true,"href":"https:\/\/tvbrazilusa.com\/pt\/wp-json\/wp\/v2\/comments?post=40910"}],"version-history":[{"count":1,"href":"https:\/\/tvbrazilusa.com\/pt\/wp-json\/wp\/v2\/posts\/40910\/revisions"}],"predecessor-version":[{"id":40912,"href":"https:\/\/tvbrazilusa.com\/pt\/wp-json\/wp\/v2\/posts\/40910\/revisions\/40912"}],"wp:featuredmedia":[{"embeddable":true,"href":"https:\/\/tvbrazilusa.com\/pt\/wp-json\/wp\/v2\/media\/40911"}],"wp:attachment":[{"href":"https:\/\/tvbrazilusa.com\/pt\/wp-json\/wp\/v2\/media?parent=40910"}],"wp:term":[{"taxonomy":"category","embeddable":true,"href":"https:\/\/tvbrazilusa.com\/pt\/wp-json\/wp\/v2\/categories?post=40910"},{"taxonomy":"post_tag","embeddable":true,"href":"https:\/\/tvbrazilusa.com\/pt\/wp-json\/wp\/v2\/tags?post=40910"}],"curies":[{"name":"wp","href":"https:\/\/api.w.org\/{rel}","templated":true}]}}