{"id":40956,"date":"2024-09-23T22:24:44","date_gmt":"2024-09-23T22:24:44","guid":{"rendered":"https:\/\/tvbrazilusa.com\/2024\/09\/23\/caso-seja-preso-gusttavo-lima-nao-podera-sair-na-audiencia-de-custodia\/"},"modified":"2024-09-23T22:24:45","modified_gmt":"2024-09-23T22:24:45","slug":"caso-seja-preso-gusttavo-lima-nao-podera-sair-na-audiencia-de-custodia","status":"publish","type":"post","link":"https:\/\/tvbrazilusa.com\/pt\/2024\/09\/23\/caso-seja-preso-gusttavo-lima-nao-podera-sair-na-audiencia-de-custodia\/","title":{"rendered":"Caso seja preso, Gusttavo Lima n\u00e3o poder\u00e1 sair na audi\u00eancia de cust\u00f3dia"},"content":{"rendered":"<p> <script async src=\"https:\/\/pagead2.googlesyndication.com\/pagead\/js\/adsbygoogle.js?client=ca-pub-8864793242727901\"\r\n     crossorigin=\"anonymous\"><\/script><br \/>\n<\/p>\n<div id=\"taboola-read-more\" style=\"display:block; width:100%\">\n<p>O Tribunal de Justi\u00e7a de Pernambuco (TJPE) decretou, nesta segunda-feira (23\/9), a pris\u00e3o do cantor Gusttavo Lima. A decis\u00e3o foi tomada em meio \u00e0s investiga\u00e7\u00f5es da Opera\u00e7\u00e3o Integration, que apura um suposto esquema de lavagem de dinheiro pelo qual tamb\u00e9m foi presa a influenciadora digital Deolane Bezerra. Como a ordem \u00e9 preventiva, o cantor s\u00f3 conseguir\u00e1 ganhar a liberdade caso um pedido de habeas corpus seja impetrado.\n<\/p>\n<p>O mandado de pris\u00e3o preventiva foi expedido pela ju\u00edza Andrea Calado da Cruz, da 12\u00aa Vara Criminal do Recife. A decis\u00e3o foi publicada depois que o Minist\u00e9rio P\u00fablico devolveu o inqu\u00e9rito \u00e0 Pol\u00edcia Civil, pedindo a realiza\u00e7\u00e3o de novas dilig\u00eancias e recomendando a substitui\u00e7\u00e3o das pris\u00f5es preventivas por outras medidas cautelares.<\/p>\n<p>A coluna teve acesso \u00e0 decis\u00e3o. No documento, a ju\u00edza afirma que n\u00e3o vislumbra, \u201cno momento, nenhuma outra medida cautelar menos gravosa capaz de garantir a ordem p\u00fablica\u201d.\n<\/p>\n<p>\u00a0<\/p>\n<p><strong>Integration<\/strong>\n<\/p>\n<p>Opera\u00e7\u00e3o Integration foi deflagrada no dia 4 de setembro, resultando na pris\u00e3o de Deolane Bezerra e de outros investigados. Na mesma data, entre as dilig\u00eancias da opera\u00e7\u00e3o, foi apreendido, pela Pol\u00edcia Civil de S\u00e3o Paulo, um avi\u00e3o que pertencia a uma empresa de Gusttavo Lima, Balada Eventos e Produ\u00e7\u00f5es.\n<\/p>\n<p>\u00a0<\/p>\n<p>A aeronave, prefixo PR-TEN, foi recolhida por policiais enquanto passava por uma manuten\u00e7\u00e3o no aeroporto de Jundia\u00ed, no interior paulista.\n<\/p>\n<p><strong>Metr\u00f3poles\u00a0<\/strong> <\/p>\n<\/div>\n<p><br \/>\n<br \/><a href=\"https:\/\/diariodobrasilnoticias.com.br\/noticia\/caso-seja-preso-gusttavo-lima-nao-podera-sair-na-audiencia-de-custodia-66f1c33d45da2\">Source link <\/a><\/p>","protected":false},"excerpt":{"rendered":"<p>O Tribunal de Justi\u00e7a de Pernambuco (TJPE) decretou, nesta segunda-feira (23\/9), a pris\u00e3o do cantor Gusttavo Lima. A decis\u00e3o foi tomada em meio \u00e0s investiga\u00e7\u00f5es da Opera\u00e7\u00e3o Integration, que apura&hellip;<\/p>","protected":false},"author":1,"featured_media":40957,"comment_status":"closed","ping_status":"open","sticky":false,"template":"","format":"standard","meta":{"content-type":"","footnotes":""},"categories":[16],"tags":[123,2448,5313,1267],"class_list":["post-40956","post","type-post","status-publish","format-standard","has-post-thumbnail","hentry","category-noticias","tag-brasil","tag-diario","tag-noticia","tag-noticias"],"_links":{"self":[{"href":"https:\/\/tvbrazilusa.com\/pt\/wp-json\/wp\/v2\/posts\/40956","targetHints":{"allow":["GET"]}}],"collection":[{"href":"https:\/\/tvbrazilusa.com\/pt\/wp-json\/wp\/v2\/posts"}],"about":[{"href":"https:\/\/tvbrazilusa.com\/pt\/wp-json\/wp\/v2\/types\/post"}],"author":[{"embeddable":true,"href":"https:\/\/tvbrazilusa.com\/pt\/wp-json\/wp\/v2\/users\/1"}],"replies":[{"embeddable":true,"href":"https:\/\/tvbrazilusa.com\/pt\/wp-json\/wp\/v2\/comments?post=40956"}],"version-history":[{"count":1,"href":"https:\/\/tvbrazilusa.com\/pt\/wp-json\/wp\/v2\/posts\/40956\/revisions"}],"predecessor-version":[{"id":40958,"href":"https:\/\/tvbrazilusa.com\/pt\/wp-json\/wp\/v2\/posts\/40956\/revisions\/40958"}],"wp:featuredmedia":[{"embeddable":true,"href":"https:\/\/tvbrazilusa.com\/pt\/wp-json\/wp\/v2\/media\/40957"}],"wp:attachment":[{"href":"https:\/\/tvbrazilusa.com\/pt\/wp-json\/wp\/v2\/media?parent=40956"}],"wp:term":[{"taxonomy":"category","embeddable":true,"href":"https:\/\/tvbrazilusa.com\/pt\/wp-json\/wp\/v2\/categories?post=40956"},{"taxonomy":"post_tag","embeddable":true,"href":"https:\/\/tvbrazilusa.com\/pt\/wp-json\/wp\/v2\/tags?post=40956"}],"curies":[{"name":"wp","href":"https:\/\/api.w.org\/{rel}","templated":true}]}}