{"id":40967,"date":"2024-09-23T22:59:26","date_gmt":"2024-09-23T22:59:26","guid":{"rendered":"https:\/\/tvbrazilusa.com\/2024\/09\/23\/maniaco-do-carro-pode-ter-sido-morte-por-tribunal-do-crime\/"},"modified":"2024-09-23T22:59:26","modified_gmt":"2024-09-23T22:59:26","slug":"maniaco-do-carro-pode-ter-sido-morte-por-tribunal-do-crime","status":"publish","type":"post","link":"https:\/\/tvbrazilusa.com\/pt\/2024\/09\/23\/maniaco-do-carro-pode-ter-sido-morte-por-tribunal-do-crime\/","title":{"rendered":"\u201cMan\u00edaco do carro\u201d pode ter sido morte por \u2018tribunal do crime\u2019"},"content":{"rendered":"<p> <script async src=\"https:\/\/pagead2.googlesyndication.com\/pagead\/js\/adsbygoogle.js?client=ca-pub-8864793242727901\"\r\n     crossorigin=\"anonymous\"><\/script><br \/>\n<\/p>\n<div id=\"taboola-read-more\" style=\"display:block; width:100%\">\n<p>A Pol\u00edcia Civil de S\u00e3o Paulo segue nas buscas pelo homem conhecido como \u201cman\u00edaco do carro\u201d ou \u201cman\u00edaco do Uno\u201d e n\u00e3o descarta a possibilidade de ele ter sido executado. Solirano de Ara\u00fajo Sousa, de 48 anos, tentava agarrar as v\u00edtimas e lev\u00e1-las para dentro do seu ve\u00edculo na regi\u00e3o da Mooca, Zona Leste de S\u00e3o Paulo.\n<\/p>\n<p>De acordo com a pol\u00edcia, a execu\u00e7\u00e3o pode ter se dado pelo chamado \u201ctribunal do crime\u201d, organiza\u00e7\u00e3o informal ligada ao Primeiro Comando da Capital (PCC). Alguns crimes n\u00e3o s\u00e3o \u201ctolerados\u201d pela fac\u00e7\u00e3o, como abusos sexuais, sendo pass\u00edveis de puni\u00e7\u00f5es severas.<\/p>\n<p>O pedido de pris\u00e3o tempor\u00e1ria de Solirano foi solicitado pela autoridade policial do 57\u00ba Distrito Policial (Parque da Mooca) e deferido pela Justi\u00e7a na \u00faltima quinta-feira (19).\n<\/p>\n<p>\u00a0<\/p>\n<p>Conforme v\u00eddeos divulgados nas redes sociais, o suspeito ficava parado ao lado do seu ve\u00edculo, um Fiat Uno, enquanto aguardava a passagem das v\u00edtimas para tentar arrast\u00e1-las at\u00e9 seu carro. Muitas mulheres se manifestaram dando at\u00e9 informa\u00e7\u00f5es sobre as caracter\u00edsticas do suspeito, que costuma usar bon\u00e9 vermelho.\n<\/p>\n<p>O homem teria realizado ao menos sete ataques. De acordo com a Secretaria de Seguran\u00e7a de S\u00e3o Paulo (SSP), o ve\u00edculo do indiv\u00edduo foi localizado e apreendido na \u00faltima quarta (18). Dentro do autom\u00f3vel, os policiais encontraram uma faca e tamb\u00e9m roupas. As for\u00e7as policiais continuam atuando para localiz\u00e1-lo e as dilig\u00eancias prosseguem para esclarecer os fatos. N\u00e3o h\u00e1 informa\u00e7\u00f5es sobre os dias exatos em que os ataques ocorreram.\n<\/p>\n<p>A pol\u00edcia chegou a pedir \u00e0 popula\u00e7\u00e3o informa\u00e7\u00f5es que possam auxiliar as autoridades a localizar o agressor por meio do Disque Den\u00fancia 181 e pelo site.\n<\/p>\n<p><strong>Pleno.news\u00a0<\/strong> <\/p>\n<\/div>\n<p><br \/>\n<br \/><a href=\"https:\/\/diariodobrasilnoticias.com.br\/noticia\/-maniaco-do-carro-pode-ter-sido-morte-por-tribunal-do-crime-66f1c5aa077d5\">Source link <\/a><\/p>","protected":false},"excerpt":{"rendered":"<p>A Pol\u00edcia Civil de S\u00e3o Paulo segue nas buscas pelo homem conhecido como \u201cman\u00edaco do carro\u201d ou \u201cman\u00edaco do Uno\u201d e n\u00e3o descarta a possibilidade de ele ter sido executado.&hellip;<\/p>","protected":false},"author":1,"featured_media":40968,"comment_status":"closed","ping_status":"open","sticky":false,"template":"","format":"standard","meta":{"content-type":"","footnotes":""},"categories":[16],"tags":[123,2448,5313,1267],"class_list":["post-40967","post","type-post","status-publish","format-standard","has-post-thumbnail","hentry","category-noticias","tag-brasil","tag-diario","tag-noticia","tag-noticias"],"_links":{"self":[{"href":"https:\/\/tvbrazilusa.com\/pt\/wp-json\/wp\/v2\/posts\/40967","targetHints":{"allow":["GET"]}}],"collection":[{"href":"https:\/\/tvbrazilusa.com\/pt\/wp-json\/wp\/v2\/posts"}],"about":[{"href":"https:\/\/tvbrazilusa.com\/pt\/wp-json\/wp\/v2\/types\/post"}],"author":[{"embeddable":true,"href":"https:\/\/tvbrazilusa.com\/pt\/wp-json\/wp\/v2\/users\/1"}],"replies":[{"embeddable":true,"href":"https:\/\/tvbrazilusa.com\/pt\/wp-json\/wp\/v2\/comments?post=40967"}],"version-history":[{"count":1,"href":"https:\/\/tvbrazilusa.com\/pt\/wp-json\/wp\/v2\/posts\/40967\/revisions"}],"predecessor-version":[{"id":40969,"href":"https:\/\/tvbrazilusa.com\/pt\/wp-json\/wp\/v2\/posts\/40967\/revisions\/40969"}],"wp:featuredmedia":[{"embeddable":true,"href":"https:\/\/tvbrazilusa.com\/pt\/wp-json\/wp\/v2\/media\/40968"}],"wp:attachment":[{"href":"https:\/\/tvbrazilusa.com\/pt\/wp-json\/wp\/v2\/media?parent=40967"}],"wp:term":[{"taxonomy":"category","embeddable":true,"href":"https:\/\/tvbrazilusa.com\/pt\/wp-json\/wp\/v2\/categories?post=40967"},{"taxonomy":"post_tag","embeddable":true,"href":"https:\/\/tvbrazilusa.com\/pt\/wp-json\/wp\/v2\/tags?post=40967"}],"curies":[{"name":"wp","href":"https:\/\/api.w.org\/{rel}","templated":true}]}}