{"id":40977,"date":"2024-09-23T22:16:56","date_gmt":"2024-09-23T22:16:56","guid":{"rendered":"https:\/\/tvbrazilusa.com\/2024\/09\/23\/pms-federais-guardas-e-ate-um-juiz-investigaram-dados-de-moraes-e-de-delegados-da-pf-paulo-figueiredo\/"},"modified":"2024-09-23T23:53:17","modified_gmt":"2024-09-23T23:53:17","slug":"pms-federais-guardas-e-ate-um-juiz-investigaram-dados-de-moraes-e-de-delegados-da-pf-paulo-figueiredo","status":"publish","type":"post","link":"https:\/\/tvbrazilusa.com\/pt\/2024\/09\/23\/pms-federais-guardas-e-ate-um-juiz-investigaram-dados-de-moraes-e-de-delegados-da-pf-paulo-figueiredo\/","title":{"rendered":"PMs, federais, guardas e at\u00e9 um juiz investigaram dados de Moraes e de delegados da PF &#8211; Paulo Figueiredo"},"content":{"rendered":"<p> <script async src=\"https:\/\/pagead2.googlesyndication.com\/pagead\/js\/adsbygoogle.js?client=ca-pub-8864793242727901\"\r\n     crossorigin=\"anonymous\"><\/script><br \/>\n<\/p>\n<div id=\"wtr-content\" data-bg=\"#FFFFFF\" data-fg=\"#006d91\" data-width=\"25\" data-mute=\"1\" data-fgopacity=\"1.00\" data-mutedopacity=\"0.5\" data-placement=\"bottom\" data-placement-offset=\"0\" data-content-offset=\"262\" data-placement-touch=\"bottom\" data-placement-offset-touch=\"0\" data-transparent=\"\" data-shadow=\"0\" data-touch=\"1\" data-non-touch=\"1\" data-comments=\"0\" data-commentsbg=\"transparent\" data-location=\"page\" data-mutedfg=\"#006d91\" data-endfg=\"#006d91\" data-rtl=\"\">\n<h2 class=\"wp-block-heading has-small-font-size\">Foto \u2013 Egberto Nogueira<\/h2>\n<h3 class=\"wp-block-heading\">Entenda a investiga\u00e7\u00e3o dos acessos indevidos aos dados restritos do ministro Alexandre de Moraes e outras autoridades em sistema exclusivo.<\/h3>\n<p>A Pol\u00edcia Federal est\u00e1 investigando, h\u00e1 seis meses, acessos indevidos a dados restritos e informa\u00e7\u00f5es pessoais do ministro do Supremo Tribunal Federal (STF)\u00a0Alexandre de Moraes\u00a0e de autoridades policiais que atuaram em inqu\u00e9ritos como o das fake news, das mil\u00edcias digitais e das joias recebidas pelo ex-presidente Jair Bolsonaro. As pesquisas foram feitas em um banco de dados de uso exclusivo das for\u00e7as policiais e do judici\u00e1rio chamado Sinesp Infoseg.<\/p>\n<p>Na lista de suspeitos pelos acessos indevidos aparecem 25 n\u00facleos de pesquisa com login e senha. Eles correspondem a perfis ligados a policiais militares, policiais civis, policiais federais, policiais rodovi\u00e1rios federais, membros do Minist\u00e9rio P\u00fablico, um assistente no Tribunal Regional do Trabalho da 4\u00aa Regi\u00e3o, um login atribu\u00eddo a um juiz no interior de S\u00e3o Paulo e at\u00e9 guardas municipais, segundo documentos obtidos pela\u00a0<strong>Gazeta do Povo<\/strong>.<\/p>\n<\/div>\n<p><br \/>\n<br \/><a href=\"https:\/\/paulofigueiredoshow.com\/pms-federais-guardas-e-ate-um-juiz-investigaram-dados-de-moraes-e-de-delegados-da-pf\/\">Source link <\/a><\/p>","protected":false},"excerpt":{"rendered":"<p>Foto \u2013 Egberto Nogueira Entenda a investiga\u00e7\u00e3o dos acessos indevidos aos dados restritos do ministro Alexandre de Moraes e outras autoridades em sistema exclusivo. A Pol\u00edcia Federal est\u00e1 investigando, h\u00e1&hellip;<\/p>","protected":false},"author":1,"featured_media":40978,"comment_status":"closed","ping_status":"open","sticky":false,"template":"","format":"standard","meta":{"content-type":"","footnotes":""},"categories":[16],"tags":[22143,1016,22144,22145,22146,22147,22148,22149,22150,10997,4188],"class_list":["post-40977","post","type-post","status-publish","format-standard","has-post-thumbnail","hentry","category-noticias","tag-anormalidades","tag-dados","tag-federais","tag-guardas","tag-indevidos","tag-infoseg","tag-investigaram","tag-pms","tag-sinesp","tag-suspensao","tag-x"],"_links":{"self":[{"href":"https:\/\/tvbrazilusa.com\/pt\/wp-json\/wp\/v2\/posts\/40977","targetHints":{"allow":["GET"]}}],"collection":[{"href":"https:\/\/tvbrazilusa.com\/pt\/wp-json\/wp\/v2\/posts"}],"about":[{"href":"https:\/\/tvbrazilusa.com\/pt\/wp-json\/wp\/v2\/types\/post"}],"author":[{"embeddable":true,"href":"https:\/\/tvbrazilusa.com\/pt\/wp-json\/wp\/v2\/users\/1"}],"replies":[{"embeddable":true,"href":"https:\/\/tvbrazilusa.com\/pt\/wp-json\/wp\/v2\/comments?post=40977"}],"version-history":[{"count":1,"href":"https:\/\/tvbrazilusa.com\/pt\/wp-json\/wp\/v2\/posts\/40977\/revisions"}],"predecessor-version":[{"id":40979,"href":"https:\/\/tvbrazilusa.com\/pt\/wp-json\/wp\/v2\/posts\/40977\/revisions\/40979"}],"wp:featuredmedia":[{"embeddable":true,"href":"https:\/\/tvbrazilusa.com\/pt\/wp-json\/wp\/v2\/media\/40978"}],"wp:attachment":[{"href":"https:\/\/tvbrazilusa.com\/pt\/wp-json\/wp\/v2\/media?parent=40977"}],"wp:term":[{"taxonomy":"category","embeddable":true,"href":"https:\/\/tvbrazilusa.com\/pt\/wp-json\/wp\/v2\/categories?post=40977"},{"taxonomy":"post_tag","embeddable":true,"href":"https:\/\/tvbrazilusa.com\/pt\/wp-json\/wp\/v2\/tags?post=40977"}],"curies":[{"name":"wp","href":"https:\/\/api.w.org\/{rel}","templated":true}]}}