{"id":41081,"date":"2024-09-24T01:34:49","date_gmt":"2024-09-24T01:34:49","guid":{"rendered":"https:\/\/tvbrazilusa.com\/2024\/09\/24\/relatorio-da-cgu-mostra-distorcao-de-r-44-bi-nas-contas-da-saude-paulo-figueiredo\/"},"modified":"2024-09-24T05:36:04","modified_gmt":"2024-09-24T05:36:04","slug":"relatorio-da-cgu-mostra-distorcao-de-r-44-bi-nas-contas-da-saude-paulo-figueiredo","status":"publish","type":"post","link":"https:\/\/tvbrazilusa.com\/pt\/2024\/09\/24\/relatorio-da-cgu-mostra-distorcao-de-r-44-bi-nas-contas-da-saude-paulo-figueiredo\/","title":{"rendered":"Relat\u00f3rio da CGU mostra distor\u00e7\u00e3o de R$ 44 bi nas contas da Sa\u00fade &#8211; Paulo Figueiredo"},"content":{"rendered":"<p> <script async src=\"https:\/\/pagead2.googlesyndication.com\/pagead\/js\/adsbygoogle.js?client=ca-pub-8864793242727901\"\r\n     crossorigin=\"anonymous\"><\/script><br \/>\n<\/p>\n<div id=\"wtr-content\" data-bg=\"#FFFFFF\" data-fg=\"#006d91\" data-width=\"25\" data-mute=\"1\" data-fgopacity=\"1.00\" data-mutedopacity=\"0.5\" data-placement=\"bottom\" data-placement-offset=\"0\" data-content-offset=\"262\" data-placement-touch=\"bottom\" data-placement-offset-touch=\"0\" data-transparent=\"\" data-shadow=\"0\" data-touch=\"1\" data-non-touch=\"1\" data-comments=\"0\" data-commentsbg=\"transparent\" data-location=\"page\" data-mutedfg=\"#006d91\" data-endfg=\"#006d91\" data-rtl=\"\">\n<h3 class=\"wp-block-heading\">Segundo o Minist\u00e9rio da Sa\u00fade, o documento identificou \u201cdistor\u00e7\u00f5es cont\u00e1beis que n\u00e3o caracterizam dano ao er\u00e1rio\u201d<\/h3>\n<p>O relat\u00f3rio da Auditoria Anual de Contas do Minist\u00e9rio da Sa\u00fade, divulgado na na 5\u00aa feira (19.set.2024) pela CGU (Controladoria Geral da Uni\u00e3o), apresentou uma distor\u00e7\u00e3o de R$ 44 bilh\u00f5es nas contas do \u00f3rg\u00e3o. <\/p>\n<p>De acordo com o Minist\u00e9rio da Sa\u00fade, o documento identificou\u00a0<em>\u201cdistor\u00e7\u00f5es cont\u00e1beis que n\u00e3o caracterizam dano ao er\u00e1rio\u201d<\/em>. Depois de receber o relat\u00f3rio, o minist\u00e9rio afirmou que providenciou ajustes operacionais ao longo de 2024.<\/p>\n<p><em>\u201cPara todos os minist\u00e9rios auditados, as recomenda\u00e7\u00f5es do relat\u00f3rio foram no sentido de ado\u00e7\u00e3o de provid\u00eancias de corre\u00e7\u00e3o das demonstra\u00e7\u00f5es cont\u00e1beis a fim de aperfei\u00e7oar quest\u00f5es operacionais, e contribuir para o alinhamento dos procedimentos entre as unidades respons\u00e1veis pela execu\u00e7\u00e3o das pol\u00edticas p\u00fablicas e a efetiva\u00e7\u00e3o dos respectivos registros. As publica\u00e7\u00f5es dos Relat\u00f3rios da CGU, bem como as a\u00e7\u00f5es dele decorrentes s\u00e3o voltadas para o fortalecimento da presta\u00e7\u00e3o de contas dos minist\u00e9rios, e envolvem a implementa\u00e7\u00e3o de novas ferramentas e a revis\u00e3o de pr\u00e1ticas existentes, com o objetivo de garantir transpar\u00eancia e a gest\u00e3o mais eficiente\u201d<\/em>, afirmou o \u00f3rg\u00e3o.<\/p>\n<p>O documento \u00e9 referente ao exerc\u00edcio de 2023 e faz parte do conjunto de 6 relat\u00f3rios que foram encaminhados ao TCU (Tribunal de Contas da Uni\u00e3o). Al\u00e9m da Sa\u00fade, o \u00f3rg\u00e3o tamb\u00e9m auditou as contas dos Minist\u00e9rios da Educa\u00e7\u00e3o; da Gest\u00e3o e Inova\u00e7\u00e3o; da Integra\u00e7\u00e3o e Desenvolvimento Regional; do Desenvolvimento Social; e dos Povos Ind\u00edgenas.<\/p>\n<p>Em\u00a0nota, o minist\u00e9rio\u00a0comandado por N\u00edsia Trindade\u00a0declarou que as recomenda\u00e7\u00f5es do relat\u00f3rio a todos os minist\u00e9rios auditados s\u00e3o para que adotem provid\u00eancias de corre\u00e7\u00e3o das contas, para alinhar os procedimentos entre os \u00f3rg\u00e3os respons\u00e1veis pela execu\u00e7\u00e3o das pol\u00edticas p\u00fablicas e a efetiva\u00e7\u00e3o dos respectivos registros.<\/p>\n<p><strong>Eis a \u00edntegra da nota divulgada pelo Minist\u00e9rio da Sa\u00fade em 19 de setembro:<\/strong><\/p>\n<p><em>\u201cCGU publica relat\u00f3rio de auditoria sobre contas do Minist\u00e9rio da Sa\u00fade em 2023<\/em><\/p>\n<p class=\"\"><em>\u201cA CGU (Controladoria Geral da Uni\u00e3o) publicou nesta quinta-feira, 19, o relat\u00f3rio da Auditoria Anual de Contas do Minist\u00e9rio da Sa\u00fade referente ao exerc\u00edcio de 2023. O documento faz parte do conjunto de seis relat\u00f3rios que foram encaminhados ao TCU (Tribunal de Contas da Uni\u00e3o). A CGU auditou as contas de 2023 dos seguintes minist\u00e9rios: Minist\u00e9rio da Sa\u00fade, Minist\u00e9rio da Educa\u00e7\u00e3o, Minist\u00e9rio da Gest\u00e3o e da Inova\u00e7\u00e3o, Minist\u00e9rio da Educa\u00e7\u00e3o e do Desenvolvimento Regional, Minist\u00e9rio do Desenvolvimento e Assist\u00eancia Social, Fam\u00edlia e Combate \u00e0 Fome e Minist\u00e9rio dos Povos Ind\u00edgenas.<\/em><\/p>\n<p class=\"\"><em>\u201cEm rela\u00e7\u00e3o ao relat\u00f3rio do Minist\u00e9rio da Sa\u00fade de 2023, foram detectadas distor\u00e7\u00f5es cont\u00e1beis que n\u00e3o caracterizam dano ao er\u00e1rio. Ap\u00f3s o recebimento do relat\u00f3rio preliminar da CGU, o Minist\u00e9rio da Sa\u00fade providenciou ajustes operacionais ao longo de 2024.<\/em><\/p>\n<p class=\"\"><em>\u201cPara todos os minist\u00e9rios auditados, as recomenda\u00e7\u00f5es do relat\u00f3rio foram no sentido de ado\u00e7\u00e3o de provid\u00eancias de corre\u00e7\u00e3o das demonstra\u00e7\u00f5es cont\u00e1beis a fim de aperfei\u00e7oar quest\u00f5es operacionais, e contribuir para o alinhamento dos procedimentos entre as unidades respons\u00e1veis pela execu\u00e7\u00e3o das pol\u00edticas p\u00fablicas e a efetiva\u00e7\u00e3o dos respectivos registros.<\/em><\/p>\n<p class=\"\"><em>\u201cAs publica\u00e7\u00f5es dos Relat\u00f3rios da CGU, bem como as a\u00e7\u00f5es dele decorrentes s\u00e3o voltadas para o fortalecimento da presta\u00e7\u00e3o de contas dos minist\u00e9rios, e envolvem a implementa\u00e7\u00e3o de novas ferramentas e a revis\u00e3o de pr\u00e1ticas existentes, com o objetivo de garantir transpar\u00eancia e a gest\u00e3o mais eficiente\u201d.<\/em><\/p>\n<p><strong><a href=\"https:\/\/www.poder360.com.br\/poder-governo\/relatorio-da-cgu-mostra-distorcao-de-r-44-bi-nas-contas-da-saude\/\">Source link<\/a><\/strong><\/p>\n<\/div>\n<p><br \/>\n<br \/><a href=\"https:\/\/paulofigueiredoshow.com\/relatorio-da-cgu-mostra-distorcao-de-r-44-bi-nas-contas-da-saude\/\">Source link <\/a><\/p>","protected":false},"excerpt":{"rendered":"<p>Segundo o Minist\u00e9rio da Sa\u00fade, o documento identificou \u201cdistor\u00e7\u00f5es cont\u00e1beis que n\u00e3o caracterizam dano ao er\u00e1rio\u201d O relat\u00f3rio da Auditoria Anual de Contas do Minist\u00e9rio da Sa\u00fade, divulgado na na&hellip;<\/p>","protected":false},"author":1,"featured_media":41082,"comment_status":"closed","ping_status":"open","sticky":false,"template":"","format":"standard","meta":{"content-type":"","footnotes":""},"categories":[16],"tags":[2014,1657,2368,22217,89,1378,106,7864],"class_list":["post-41081","post","type-post","status-publish","format-standard","has-post-thumbnail","hentry","category-noticias","tag-2014","tag-cgu","tag-contas","tag-distorcao","tag-lula","tag-pt","tag-saude","tag-valores"],"_links":{"self":[{"href":"https:\/\/tvbrazilusa.com\/pt\/wp-json\/wp\/v2\/posts\/41081","targetHints":{"allow":["GET"]}}],"collection":[{"href":"https:\/\/tvbrazilusa.com\/pt\/wp-json\/wp\/v2\/posts"}],"about":[{"href":"https:\/\/tvbrazilusa.com\/pt\/wp-json\/wp\/v2\/types\/post"}],"author":[{"embeddable":true,"href":"https:\/\/tvbrazilusa.com\/pt\/wp-json\/wp\/v2\/users\/1"}],"replies":[{"embeddable":true,"href":"https:\/\/tvbrazilusa.com\/pt\/wp-json\/wp\/v2\/comments?post=41081"}],"version-history":[{"count":1,"href":"https:\/\/tvbrazilusa.com\/pt\/wp-json\/wp\/v2\/posts\/41081\/revisions"}],"predecessor-version":[{"id":41083,"href":"https:\/\/tvbrazilusa.com\/pt\/wp-json\/wp\/v2\/posts\/41081\/revisions\/41083"}],"wp:featuredmedia":[{"embeddable":true,"href":"https:\/\/tvbrazilusa.com\/pt\/wp-json\/wp\/v2\/media\/41082"}],"wp:attachment":[{"href":"https:\/\/tvbrazilusa.com\/pt\/wp-json\/wp\/v2\/media?parent=41081"}],"wp:term":[{"taxonomy":"category","embeddable":true,"href":"https:\/\/tvbrazilusa.com\/pt\/wp-json\/wp\/v2\/categories?post=41081"},{"taxonomy":"post_tag","embeddable":true,"href":"https:\/\/tvbrazilusa.com\/pt\/wp-json\/wp\/v2\/tags?post=41081"}],"curies":[{"name":"wp","href":"https:\/\/api.w.org\/{rel}","templated":true}]}}