{"id":41122,"date":"2024-09-24T10:20:16","date_gmt":"2024-09-24T10:20:16","guid":{"rendered":"https:\/\/tvbrazilusa.com\/2024\/09\/24\/pastor-junior-galdino-um-cristao-na-busca-pela-melhoria-social-e-defesa-dos-valores-das-familias-em-mossoro\/"},"modified":"2024-09-24T10:20:17","modified_gmt":"2024-09-24T10:20:17","slug":"pastor-junior-galdino-um-cristao-na-busca-pela-melhoria-social-e-defesa-dos-valores-das-familias-em-mossoro","status":"publish","type":"post","link":"https:\/\/tvbrazilusa.com\/pt\/2024\/09\/24\/pastor-junior-galdino-um-cristao-na-busca-pela-melhoria-social-e-defesa-dos-valores-das-familias-em-mossoro\/","title":{"rendered":"Pastor J\u00fanior Galdino: Um crist\u00e3o na busca pela melhoria social e defesa dos valores das fam\u00edlias em Mossor\u00f3"},"content":{"rendered":"<p> <script async src=\"https:\/\/pagead2.googlesyndication.com\/pagead\/js\/adsbygoogle.js?client=ca-pub-8864793242727901\"\r\n     crossorigin=\"anonymous\"><\/script><br \/>\n<\/p>\n<div>\n<figure class=\"post-image\">\n<\/figure>\n<p><span style=\"font-size: 12px\">Reprodu\u00e7\u00e3o \/ Redes Sociais <\/span><\/p>\n<div id=\"taboola-read-more\" style=\"display:block; width:100%\">\n<p>J\u00fanior Galdino, conhecido por sua dedica\u00e7\u00e3o ao servi\u00e7o comunit\u00e1rio e suas ra\u00edzes na Igreja Assembleia de Deus, lan\u00e7a-se como candidato a vereador pelo partido Solidariedade em Mossor\u00f3. Com um hist\u00f3rico significativo de trabalho social, Galdino construiu sua reputa\u00e7\u00e3o atrav\u00e9s de anos de dedica\u00e7\u00e3o pastoral junto \u00e0s comunidades carentes da regi\u00e3o.\n<\/p>\n<p>Com uma trajet\u00f3ria que inclui a experi\u00eancia como ex-chefe de gabinete do vereador Lamarque, Pastor J\u00fanior Galdino traz consigo um profundo conhecimento do funcionamento da administra\u00e7\u00e3o p\u00fablica e uma forte rede de apoio familiar influente na cidade. Sua candidatura \u00e9 impulsionada n\u00e3o apenas por sua fam\u00edlia, mas tamb\u00e9m por seu compromisso com a obra crist\u00e3 e a melhoria das condi\u00e7\u00f5es de vida dos mais necessitados.<\/p>\n<p>Pastor Galdino defende uma plataforma centrada nos valores crist\u00e3os, buscando integrar f\u00e9 e pol\u00edtica para promover reformas que beneficiem as comunidades menos favorecidas de Mossor\u00f3. Ele pretende lutar por pol\u00edticas p\u00fablicas que proporcionem melhores oportunidades e qualidade de vida para todos, especialmente aqueles em situa\u00e7\u00e3o de vulnerabilidade socioecon\u00f4mica.\n<\/p>\n<p>Sua miss\u00e3o \u00e9 clara: trazer mudan\u00e7a verdadeira e duradoura para Mossor\u00f3, utilizando a f\u00e9 como guia para moldar uma cidade mais justa e solid\u00e1ria. Para muitos, J\u00fanior Galdino representa uma esperan\u00e7a renovada de que a pol\u00edtica pode ser um instrumento poderoso de transforma\u00e7\u00e3o social e comunit\u00e1ria. Com uma campanha s\u00f3lida e fundamentada na \u00e9tica crist\u00e3, ele busca conquistar um espa\u00e7o na C\u00e2mara Municipal para exercer sua influ\u00eancia em prol do bem comum. <\/p>\n<\/div>\n<div class=\"row mt-3\">\n<div class=\"col-sm-6\">\n<p><a href=\"https:\/\/chat.whatsapp.com\/GwURnmOyPiN1XheGYvCspN\" target=\"_blank\" rel=\"noopener\"><br \/>\n<img decoding=\"async\" src=\"https:\/\/diariodobrasilnoticias.com.br\/assets-site\/images\/bot_whatsapp.png\"\/><\/a>\n<\/div>\n<div class=\"col-sm-6\">\n<a href=\"https:\/\/t.me\/+_4gTmi5LKo03OTM5\" target=\"_blank\" rel=\"noopener\"><br \/>\n<img decoding=\"async\" src=\"https:\/\/diariodobrasilnoticias.com.br\/assets-site\/images\/bot_telegram.png\"\/><\/a>\n<\/div>\n<\/div>\n<\/div>\n<p><br \/>\n<br \/><a href=\"https:\/\/diariodobrasilnoticias.com.br\/noticia\/pastor-junior-galdino-um-cristao-na-busca-pela-melhoria-social-e-defesa-dos-valores-das-familias-em-mossoro-66f2915028f6b\">Source link <\/a><\/p>","protected":false},"excerpt":{"rendered":"<p>Reprodu\u00e7\u00e3o \/ Redes Sociais J\u00fanior Galdino, conhecido por sua dedica\u00e7\u00e3o ao servi\u00e7o comunit\u00e1rio e suas ra\u00edzes na Igreja Assembleia de Deus, lan\u00e7a-se como candidato a vereador pelo partido Solidariedade em&hellip;<\/p>","protected":false},"author":1,"featured_media":41123,"comment_status":"closed","ping_status":"open","sticky":false,"template":"","format":"standard","meta":{"content-type":"","footnotes":""},"categories":[16],"tags":[123,2448,5313,1267],"class_list":["post-41122","post","type-post","status-publish","format-standard","has-post-thumbnail","hentry","category-noticias","tag-brasil","tag-diario","tag-noticia","tag-noticias"],"_links":{"self":[{"href":"https:\/\/tvbrazilusa.com\/pt\/wp-json\/wp\/v2\/posts\/41122","targetHints":{"allow":["GET"]}}],"collection":[{"href":"https:\/\/tvbrazilusa.com\/pt\/wp-json\/wp\/v2\/posts"}],"about":[{"href":"https:\/\/tvbrazilusa.com\/pt\/wp-json\/wp\/v2\/types\/post"}],"author":[{"embeddable":true,"href":"https:\/\/tvbrazilusa.com\/pt\/wp-json\/wp\/v2\/users\/1"}],"replies":[{"embeddable":true,"href":"https:\/\/tvbrazilusa.com\/pt\/wp-json\/wp\/v2\/comments?post=41122"}],"version-history":[{"count":1,"href":"https:\/\/tvbrazilusa.com\/pt\/wp-json\/wp\/v2\/posts\/41122\/revisions"}],"predecessor-version":[{"id":41124,"href":"https:\/\/tvbrazilusa.com\/pt\/wp-json\/wp\/v2\/posts\/41122\/revisions\/41124"}],"wp:featuredmedia":[{"embeddable":true,"href":"https:\/\/tvbrazilusa.com\/pt\/wp-json\/wp\/v2\/media\/41123"}],"wp:attachment":[{"href":"https:\/\/tvbrazilusa.com\/pt\/wp-json\/wp\/v2\/media?parent=41122"}],"wp:term":[{"taxonomy":"category","embeddable":true,"href":"https:\/\/tvbrazilusa.com\/pt\/wp-json\/wp\/v2\/categories?post=41122"},{"taxonomy":"post_tag","embeddable":true,"href":"https:\/\/tvbrazilusa.com\/pt\/wp-json\/wp\/v2\/tags?post=41122"}],"curies":[{"name":"wp","href":"https:\/\/api.w.org\/{rel}","templated":true}]}}