{"id":41128,"date":"2024-09-24T10:39:34","date_gmt":"2024-09-24T10:39:34","guid":{"rendered":"https:\/\/tvbrazilusa.com\/2024\/09\/24\/juiza-que-mandou-prender-gusttavo-lima-ja-mencionou-moraes-em-decisao\/"},"modified":"2024-09-24T10:39:35","modified_gmt":"2024-09-24T10:39:35","slug":"juiza-que-mandou-prender-gusttavo-lima-ja-mencionou-moraes-em-decisao","status":"publish","type":"post","link":"https:\/\/tvbrazilusa.com\/pt\/2024\/09\/24\/juiza-que-mandou-prender-gusttavo-lima-ja-mencionou-moraes-em-decisao\/","title":{"rendered":"Ju\u00edza que mandou prender Gusttavo Lima j\u00e1 mencionou Moraes em decis\u00e3o"},"content":{"rendered":"<p> <script async src=\"https:\/\/pagead2.googlesyndication.com\/pagead\/js\/adsbygoogle.js?client=ca-pub-8864793242727901\"\r\n     crossorigin=\"anonymous\"><\/script><br \/>\n<\/p>\n<div id=\"taboola-read-more\" style=\"display:block; width:100%\">\n<p>A ju\u00edza Andr\u00e9a Calado, que ordenou a pris\u00e3o de Gusttavo Lima nesta segunda-feira (23\/9), j\u00e1 baseou uma decis\u00e3o com uma declara\u00e7\u00e3o comumente usada pelo ministro do STF Alexandre de Moraes. A refer\u00eancia a Moraes foi citada por Calado em abril, quando a magistrada mandou prender preventivamente o jornalista Ricardo Antunes. A decis\u00e3o foi derrubada em segunda inst\u00e2ncia.\n<\/p>\n<p>\u201cA liberdade de express\u00e3o \u00e9 consagrada constitucionalmente e balizada pelo bin\u00f4mio liberdade e responsabilidade, ou seja, o exerc\u00edcio desse direito n\u00e3o pode ser utilizado como verdadeiro escudo protetivo para a pr\u00e1tica de atividades il\u00edcitas. N\u00e3o se confunde liberdade de express\u00e3o com impunidade para agress\u00e3o\u201d, escreveu a ju\u00edza ao mandar prender o jornalista Ricardo Antunes, citando um voto de Moraes no STF em 2022. Na ocasi\u00e3o, Moraes analisava ordens de bloqueio de redes sociais contra o Partido da Causa Oper\u00e1ria (PCO).<\/p>\n<p>O jornalista pernambucano era investigado por inj\u00faria e difama\u00e7\u00e3o contra um promotor, depois que publicou not\u00edcias sobre a compra de um terreno em Fernando de Noronha pelo integrante do Minist\u00e9rio P\u00fablico.\n<\/p>\n<p>O trecho de Moraes foi novamente usado pelo ministro no m\u00eas passado, quando a Primeira Turma do STF julgou recursos apresentados por plataformas digitais. \u201cN\u00e3o se confunde liberdade de express\u00e3o com impunidade para agress\u00e3o\u201d, afirmou Moraes em 30 de agosto, poucas horas antes de mandar suspender o X (antigo Twitter) no Brasil.\n<\/p>\n<p>Em 2020, o ministro j\u00e1 havia citado essa linha de racioc\u00ednio no plen\u00e1rio do STF, quando votou a favor da legalidade do inqu\u00e9rito das fake news, que depois investigou o ent\u00e3o presidente Jair Bolsonaro e aliados.\n<\/p>\n<p>\u201cLiberdade de express\u00e3o n\u00e3o \u00e9 liberdade de agress\u00e3o, liberdade de express\u00e3o n\u00e3o \u00e9 liberdade de destrui\u00e7\u00e3o da democracia, das institui\u00e7\u00f5es e da honra alheia\u201d, disse Moraes naquele julgamento.\n<\/p>\n<p>Fonte:Metr\u00f3poles <\/p>\n<\/div>\n<p><br \/>\n<br \/><a href=\"https:\/\/diariodobrasilnoticias.com.br\/noticia\/juiza-que-mandou-prender-gusttavo-lima-ja-mencionou-moraes-em-decisao-66f2953187781\">Source link <\/a><\/p>","protected":false},"excerpt":{"rendered":"<p>A ju\u00edza Andr\u00e9a Calado, que ordenou a pris\u00e3o de Gusttavo Lima nesta segunda-feira (23\/9), j\u00e1 baseou uma decis\u00e3o com uma declara\u00e7\u00e3o comumente usada pelo ministro do STF Alexandre de Moraes.&hellip;<\/p>","protected":false},"author":1,"featured_media":41129,"comment_status":"closed","ping_status":"open","sticky":false,"template":"","format":"standard","meta":{"content-type":"","footnotes":""},"categories":[16],"tags":[123,2448,5313,1267],"class_list":["post-41128","post","type-post","status-publish","format-standard","has-post-thumbnail","hentry","category-noticias","tag-brasil","tag-diario","tag-noticia","tag-noticias"],"_links":{"self":[{"href":"https:\/\/tvbrazilusa.com\/pt\/wp-json\/wp\/v2\/posts\/41128","targetHints":{"allow":["GET"]}}],"collection":[{"href":"https:\/\/tvbrazilusa.com\/pt\/wp-json\/wp\/v2\/posts"}],"about":[{"href":"https:\/\/tvbrazilusa.com\/pt\/wp-json\/wp\/v2\/types\/post"}],"author":[{"embeddable":true,"href":"https:\/\/tvbrazilusa.com\/pt\/wp-json\/wp\/v2\/users\/1"}],"replies":[{"embeddable":true,"href":"https:\/\/tvbrazilusa.com\/pt\/wp-json\/wp\/v2\/comments?post=41128"}],"version-history":[{"count":1,"href":"https:\/\/tvbrazilusa.com\/pt\/wp-json\/wp\/v2\/posts\/41128\/revisions"}],"predecessor-version":[{"id":41130,"href":"https:\/\/tvbrazilusa.com\/pt\/wp-json\/wp\/v2\/posts\/41128\/revisions\/41130"}],"wp:featuredmedia":[{"embeddable":true,"href":"https:\/\/tvbrazilusa.com\/pt\/wp-json\/wp\/v2\/media\/41129"}],"wp:attachment":[{"href":"https:\/\/tvbrazilusa.com\/pt\/wp-json\/wp\/v2\/media?parent=41128"}],"wp:term":[{"taxonomy":"category","embeddable":true,"href":"https:\/\/tvbrazilusa.com\/pt\/wp-json\/wp\/v2\/categories?post=41128"},{"taxonomy":"post_tag","embeddable":true,"href":"https:\/\/tvbrazilusa.com\/pt\/wp-json\/wp\/v2\/tags?post=41128"}],"curies":[{"name":"wp","href":"https:\/\/api.w.org\/{rel}","templated":true}]}}