{"id":41137,"date":"2024-09-24T11:04:11","date_gmt":"2024-09-24T11:04:11","guid":{"rendered":"https:\/\/tvbrazilusa.com\/2024\/09\/24\/perguntas-permanecem-para-a-familia-do-homem-envolvido-em-tiroteio-fatal-envolvendo-policiais\/"},"modified":"2024-09-24T11:11:25","modified_gmt":"2024-09-24T11:11:25","slug":"perguntas-permanecem-para-a-familia-do-homem-envolvido-em-tiroteio-fatal-envolvendo-policiais","status":"publish","type":"post","link":"https:\/\/tvbrazilusa.com\/pt\/2024\/09\/24\/perguntas-permanecem-para-a-familia-do-homem-envolvido-em-tiroteio-fatal-envolvendo-policiais\/","title":{"rendered":"Perguntas permanecem para a fam\u00edlia do homem envolvido em tiroteio fatal envolvendo policiais"},"content":{"rendered":"<script async src=\"https:\/\/pagead2.googlesyndication.com\/pagead\/js\/adsbygoogle.js?client=ca-pub-8864793242727901\"\r\n     crossorigin=\"anonymous\"><\/script>\n<p>WEST HAVEN, Conn. \u2014 (WTNH) O Departamento de Pol\u00edcia de West Haven divulgou imagens de v\u00eddeo de um tiroteio fatal envolvendo policiais na segunda-feira. A fam\u00edlia do homem disse que a pol\u00edcia deveria ter lidado melhor com a situa\u00e7\u00e3o.<\/p>\n<p>O tiroteio aconteceu na \u00faltima quinta-feira. Na \u00e9poca, Jebrell Conley era procurado por um mandado federal pendente por acusa\u00e7\u00f5es relacionadas a armas. A pol\u00edcia disse que ele era um conhecido membro de gangue. <\/p>\n<p>A pol\u00edcia disse que estava conduzindo uma investiga\u00e7\u00e3o e, quando avistaram o carro dele, o seguiram at\u00e9 um lava-jato em West Haven. <\/p>\n<p>A pol\u00edcia disse que, quando convergiram para Conley, ele pulou no carro, deu marcha r\u00e9 e atingiu uma viatura policial. Eles conheciam o homem de 36 anos como membro do Grove Street Crips. <\/p>\n<div class=\"nlp-ignore-block article-content rich-text\">\n<aside class=\"promo-link\">\n\t<a href=\"https:\/\/www.wtnh.com\/news\/connecticut\/new-haven\/inspector-general-providing-new-details-on-incident-that-led-to-3-officers-shooting-and-killing-a-man-in-west-haven\/?ipid=promo-link-block1\" class=\"promo-link__link\"><\/p>\n<p>\t\tInspetor-geral fornece novos detalhes sobre o incidente que levou tr\u00eas policiais a atirar e matar um homem em West Haven\t<\/a><br \/>\n<\/aside>\n<\/div>\n<p>O chefe de pol\u00edcia de New Haven, Karl Jacobson, disse que Conley atirou contra a pol\u00edcia e foi ent\u00e3o que eles revidaram. <\/p>\n<p>&#8220;Nesse ponto, voc\u00ea v\u00ea a janela do lado do motorista se estilha\u00e7ar. \u00c9 Conley atirando. Temos muita sorte que os policiais n\u00e3o tenham se ferido, nem ningu\u00e9m mais&#8221;, disse Jacobson. <\/p>\n<p>A fam\u00edlia de Conley viu o v\u00eddeo e tem uma opini\u00e3o diferente.<\/p>\n<p>&#8220;Eu tive que ver meu pai ser assassinado na minha frente. Se alguma coisa, voc\u00ea me pergunta naquele v\u00eddeo, eu o vi cobrindo a cabe\u00e7a. Ele estava tentando cobrir a cabe\u00e7a. Voc\u00ea estava atirando nele de todos os lados&#8221;, disse a filha de Conley. <\/p>\n<div class=\"nlp-ignore-block article-content rich-text\">\n<aside class=\"promo-link\">\n\t<a href=\"https:\/\/www.wtnh.com\/news\/connecticut\/new-haven\/officer-involved-shooting-in-west-haven\/?ipid=promo-link-block2\" class=\"promo-link__link\"><\/p>\n<p>\t\tSuspeito morre ap\u00f3s policiais abrirem fogo em West Haven\t<\/a><br \/>\n<\/aside>\n<\/div>\n<p>A filha de Conley fazia parte de um grupo de cerca de 50 pessoas que protestaram em frente \u00e0 sede da pol\u00edcia ontem \u00e0 noite. <\/p>\n<p>A pol\u00edcia recuperou uma arma e disse que ela pareceu emperrar depois que Conley disparou aquele tiro. <\/p>\n<p>Um sargento da pol\u00edcia estadual de Connecticut e dois policiais revidaram, causando ferimentos em Conley. Depois disso, ele foi levado \u00e0s pressas para o hospital, onde morreu devido aos ferimentos. <\/p>\n<p>O chefe de New Haven disse que seus policiais usaram for\u00e7a apropriada para proteger a si mesmos e ao p\u00fablico. <\/p>\n<p>N\u00e3o houve relatos de feridos entre os policiais. <\/p>\n<p>Os dois policiais est\u00e3o agora em licen\u00e7a administrativa remunerada.<\/p>\n<p>A investiga\u00e7\u00e3o do Gabinete do Inspetor Geral est\u00e1 em andamento.<\/p>\n<p><br \/>\n<br \/><a href=\"https:\/\/www.wtnh.com\/news\/connecticut\/new-haven\/questions-remain-for-family-of-man-in-fatal-shooting-involving-police-officers\/\">Source link <\/a><\/p>","protected":false},"excerpt":{"rendered":"<p>WEST HAVEN, Conn. \u2014 (WTNH) O Departamento de Pol\u00edcia de West Haven divulgou imagens de v\u00eddeo de um tiroteio fatal envolvendo policiais na segunda-feira. A fam\u00edlia do homem disse que&hellip;<\/p>","protected":false},"author":1,"featured_media":41138,"comment_status":"closed","ping_status":"open","sticky":false,"template":"","format":"standard","meta":{"content-type":"","footnotes":""},"categories":[1],"tags":[],"class_list":["post-41137","post","type-post","status-publish","format-standard","has-post-thumbnail","hentry","category-uncategorized"],"_links":{"self":[{"href":"https:\/\/tvbrazilusa.com\/pt\/wp-json\/wp\/v2\/posts\/41137","targetHints":{"allow":["GET"]}}],"collection":[{"href":"https:\/\/tvbrazilusa.com\/pt\/wp-json\/wp\/v2\/posts"}],"about":[{"href":"https:\/\/tvbrazilusa.com\/pt\/wp-json\/wp\/v2\/types\/post"}],"author":[{"embeddable":true,"href":"https:\/\/tvbrazilusa.com\/pt\/wp-json\/wp\/v2\/users\/1"}],"replies":[{"embeddable":true,"href":"https:\/\/tvbrazilusa.com\/pt\/wp-json\/wp\/v2\/comments?post=41137"}],"version-history":[{"count":1,"href":"https:\/\/tvbrazilusa.com\/pt\/wp-json\/wp\/v2\/posts\/41137\/revisions"}],"predecessor-version":[{"id":41139,"href":"https:\/\/tvbrazilusa.com\/pt\/wp-json\/wp\/v2\/posts\/41137\/revisions\/41139"}],"wp:featuredmedia":[{"embeddable":true,"href":"https:\/\/tvbrazilusa.com\/pt\/wp-json\/wp\/v2\/media\/41138"}],"wp:attachment":[{"href":"https:\/\/tvbrazilusa.com\/pt\/wp-json\/wp\/v2\/media?parent=41137"}],"wp:term":[{"taxonomy":"category","embeddable":true,"href":"https:\/\/tvbrazilusa.com\/pt\/wp-json\/wp\/v2\/categories?post=41137"},{"taxonomy":"post_tag","embeddable":true,"href":"https:\/\/tvbrazilusa.com\/pt\/wp-json\/wp\/v2\/tags?post=41137"}],"curies":[{"name":"wp","href":"https:\/\/api.w.org\/{rel}","templated":true}]}}