{"id":41146,"date":"2024-09-24T11:33:19","date_gmt":"2024-09-24T11:33:19","guid":{"rendered":"https:\/\/tvbrazilusa.com\/2024\/09\/24\/segundo-a-policia-federal-gusttavo-lima-deixou-o-brasil-assista\/"},"modified":"2024-09-24T11:33:20","modified_gmt":"2024-09-24T11:33:20","slug":"segundo-a-policia-federal-gusttavo-lima-deixou-o-brasil-assista","status":"publish","type":"post","link":"https:\/\/tvbrazilusa.com\/pt\/2024\/09\/24\/segundo-a-policia-federal-gusttavo-lima-deixou-o-brasil-assista\/","title":{"rendered":"Segundo a pol\u00edcia Federal, Gusttavo Lima deixou o Brasil; ASSISTA"},"content":{"rendered":"<p> <script async src=\"https:\/\/pagead2.googlesyndication.com\/pagead\/js\/adsbygoogle.js?client=ca-pub-8864793242727901\"\r\n     crossorigin=\"anonymous\"><\/script><br \/>\n<\/p>\n<div id=\"taboola-read-more\" style=\"display:block; width:100%\">\n<p>A Pol\u00edcia Federal confirmou que o cantor Gusttavo Lima deixou o Brasil e est\u00e1 agora em Miami, na Fl\u00f3rida, Estados Unidos. O sertanejo recebeu um mandado de pris\u00e3o nesta segunda-feira (23) pela Justi\u00e7a de Pernambuco, na Opera\u00e7\u00e3o Integration. A a\u00e7\u00e3o apura crimes de lavagem de dinheiro com apostas ilegais.\u00a0\n<\/p>\n<p>A ida de Gusttavo Lima ocorreu ap\u00f3s o mandado de pris\u00e3o ser expedido pela Justi\u00e7a de Pernambuco. A suspeita da Pol\u00edcia Federal \u00e9 que Gusttavo Lima esteja em uma mans\u00e3o de avaliada em R$ 65 milh\u00f5es, rec\u00e9m-comprada pelo sertanejo.<\/p>\n<p>O cantor tem um avi\u00e3o particular, usado para fazer shows pelo Brasil, mas n\u00e3o est\u00e1 confirmado se ele deixou o pa\u00eds nessa aeronave. Em nota, os advogados de Gusttavo Lima dizem que a decis\u00e3o da Justi\u00e7a n\u00e3o tem fundamentos legais e que medidas cab\u00edveis j\u00e1 est\u00e3o sendo tomadas. A defesa nega o envolvimento do sertanejo e de suas empresas com os crimes investigados pela Pol\u00edcia Pernambucana.\n<\/p>\n<p><strong>Entenda o caso<\/strong><br \/>A Justi\u00e7a de Pernambuco decretou a pris\u00e3o do cantor Gusttavo Lima, na tarde desta segunda-feira (23), ap\u00f3s um desdobramento da Opera\u00e7\u00e3o Integration, que prendeu a influenciadora Deolane Bezerra por suposta lavagem de dinheiro e jogos ilegais.\n<\/p>\n<p>Segundo a ju\u00edza, o cantor deu \u201cguarida\u201d a foragidos. Al\u00e9m disso, Andr\u00e9a Calado da Cruz disse que o cantor tem falta de considera\u00e7\u00e3o pela Justi\u00e7a.\n<\/p>\n<p><strong>Entenda a Opera\u00e7\u00e3o Integration<\/strong><br \/>A Opera\u00e7\u00e3o Integration foi deflagrada no come\u00e7o do m\u00eas, em 4 de setembro. Na a\u00e7\u00e3o, Deolane, a m\u00e3e dela, Solange, e outros 9 envolvidos foram presos suspeitos de integrar o esquema, incluindo o empres\u00e1rio Darwin Henrique da Silva Filho, dono da Esportes da Sorte e da esposa dele, Maria Filizola.\n<\/p>\n<p>Segundo a Pol\u00edcia Civil, a rela\u00e7\u00e3o de compra e venda de um carro de luxo entre Deolane e o dono da Esportes da Sorte gerou ind\u00edcios de que havia lavagem de dinheiro proveniente do jogo do bicho e de apostas ilegais.\n<\/p>\n<p>Na a\u00e7\u00e3o, a Justi\u00e7a decretou o sequestro de bens de v\u00e1rios alvos, totalizando R$ 2,1 bilh\u00f5es em bens apreendidos. Na mesma a\u00e7\u00e3o, uma aeronave que estava no nome da empresa de Gusttavo Lima, a Balada Produ\u00e7\u00f5es, foi apreendida. Segundo a assessoria do cantor, a aeronave havia sido vendida por meio de contrato de compra e venda para a empresa J.M.J Participa\u00e7\u00f5es e que ele n\u00e3o era relacionado com a investiga\u00e7\u00e3o.\n<\/p>\n<p>No dia da opera\u00e7\u00e3o, 4 de setembro, Gusttavo Lima comemorava o anivers\u00e1rio na Gr\u00e9cia, ao lado de nomes conhecidos, como o dono da Vai de Bet e a esposa, o ministro do Supremo Tribunal Federal Nunes Marques e o governador de Goi\u00e1s, Ronaldo Caiado.\n<\/p>\n<p>Na volta, em 7 de setembro, Gusttavo Lima teria dado uma carona ao casal que hoje \u00e9 foragido e est\u00e1 na lista da Difus\u00e3o Vermelha da Interpol. A aeronave do cantor teria feito escalas em Kavala, Atenas e Ilhas Can\u00e1rias, pousando em Goi\u00e2nia, mas sem Jos\u00e9 Andr\u00e9 e Aislla a bordo. Para a ju\u00edza que pediu a pris\u00e3o do sertanejo, o casal teria optado por permanecer na Europa para evitar a Justi\u00e7a.\n<\/p>\n<p>Em 9 de setembro, Deolane foi solta beneficiada pela decis\u00e3o do STF que d\u00e1 o direito de m\u00e3es de crian\u00e7as abaixo dos 12 anos de cumprir pris\u00e3o domiciliar. Mas logo ap\u00f3s sair da pris\u00e3o, Deolane descumpriu medidas cautelares como n\u00e3o falar em nenhum meio de comunica\u00e7\u00e3o, ao conversar com a imprensa e publicar uma foto no Instagram.\n<\/p>\n<p>Na porta da Col\u00f4nia Penal Feminina do Recife, ela disse: &#8220;Foi uma pris\u00e3o criminosa, cheia de abuso de autoridade por parte do delegado. [&#8230;] Eu n\u00e3o posso falar sobre o processo. Eu fui calada&#8221;. Ela voltou a ser presa no dia 10 de setembro e transferida para Bu\u00edque no Agreste de Pernambuco. A defesa da influenciadora chegou a pedir mais dois habeas corpus, mas teve eles negados. A m\u00e3e tamb\u00e9m segue presa.\n<\/p>\n<p>ASSISTA:\n<\/p>\n<p>Fonte: Band Jornalismo <\/p>\n<\/div>\n<p><br \/>\n<br \/><a href=\"https:\/\/diariodobrasilnoticias.com.br\/noticia\/segundo-a-policia-federal-gusttavo-lima-deixou-o-brasil-assista-66f28f80b9b47\">Source link <\/a><\/p>","protected":false},"excerpt":{"rendered":"<p>A Pol\u00edcia Federal confirmou que o cantor Gusttavo Lima deixou o Brasil e est\u00e1 agora em Miami, na Fl\u00f3rida, Estados Unidos. O sertanejo recebeu um mandado de pris\u00e3o nesta segunda-feira&hellip;<\/p>","protected":false},"author":1,"featured_media":41147,"comment_status":"closed","ping_status":"open","sticky":false,"template":"","format":"standard","meta":{"content-type":"","footnotes":""},"categories":[16],"tags":[123,2448,5313,1267],"class_list":["post-41146","post","type-post","status-publish","format-standard","has-post-thumbnail","hentry","category-noticias","tag-brasil","tag-diario","tag-noticia","tag-noticias"],"_links":{"self":[{"href":"https:\/\/tvbrazilusa.com\/pt\/wp-json\/wp\/v2\/posts\/41146","targetHints":{"allow":["GET"]}}],"collection":[{"href":"https:\/\/tvbrazilusa.com\/pt\/wp-json\/wp\/v2\/posts"}],"about":[{"href":"https:\/\/tvbrazilusa.com\/pt\/wp-json\/wp\/v2\/types\/post"}],"author":[{"embeddable":true,"href":"https:\/\/tvbrazilusa.com\/pt\/wp-json\/wp\/v2\/users\/1"}],"replies":[{"embeddable":true,"href":"https:\/\/tvbrazilusa.com\/pt\/wp-json\/wp\/v2\/comments?post=41146"}],"version-history":[{"count":1,"href":"https:\/\/tvbrazilusa.com\/pt\/wp-json\/wp\/v2\/posts\/41146\/revisions"}],"predecessor-version":[{"id":41148,"href":"https:\/\/tvbrazilusa.com\/pt\/wp-json\/wp\/v2\/posts\/41146\/revisions\/41148"}],"wp:featuredmedia":[{"embeddable":true,"href":"https:\/\/tvbrazilusa.com\/pt\/wp-json\/wp\/v2\/media\/41147"}],"wp:attachment":[{"href":"https:\/\/tvbrazilusa.com\/pt\/wp-json\/wp\/v2\/media?parent=41146"}],"wp:term":[{"taxonomy":"category","embeddable":true,"href":"https:\/\/tvbrazilusa.com\/pt\/wp-json\/wp\/v2\/categories?post=41146"},{"taxonomy":"post_tag","embeddable":true,"href":"https:\/\/tvbrazilusa.com\/pt\/wp-json\/wp\/v2\/tags?post=41146"}],"curies":[{"name":"wp","href":"https:\/\/api.w.org\/{rel}","templated":true}]}}