{"id":41154,"date":"2024-09-24T12:05:38","date_gmt":"2024-09-24T12:05:38","guid":{"rendered":"https:\/\/tvbrazilusa.com\/2024\/09\/24\/jurista-afirma-que-a-prisao-de-gusttavo-lima-e-ilegal-e-midiatica-entenda\/"},"modified":"2024-09-24T12:05:40","modified_gmt":"2024-09-24T12:05:40","slug":"jurista-afirma-que-a-prisao-de-gusttavo-lima-e-ilegal-e-midiatica-entenda","status":"publish","type":"post","link":"https:\/\/tvbrazilusa.com\/pt\/2024\/09\/24\/jurista-afirma-que-a-prisao-de-gusttavo-lima-e-ilegal-e-midiatica-entenda\/","title":{"rendered":"Jurista afirma que a pris\u00e3o de Gusttavo Lima \u00e9 &#8216;ilegal e midi\u00e1tica&#8217;; ENTENDA"},"content":{"rendered":"<p> <script async src=\"https:\/\/pagead2.googlesyndication.com\/pagead\/js\/adsbygoogle.js?client=ca-pub-8864793242727901\"\r\n     crossorigin=\"anonymous\"><\/script><br \/>\n<\/p>\n<div id=\"taboola-read-more\" style=\"display:block; width:100%\">\n<p>A pris\u00e3o preventiva do cantor Gusttavo Lima, decretada pela Justi\u00e7a de Pernambuco nesta segunda-feira, 23, \u00e9 \u201cilegal e midi\u00e1tica\u201d. A avalia\u00e7\u00e3o \u00e9 da jurista Jacqueline Valles, mestre e professora de Direito Penal.\n<\/p>\n<p>Ela reconhece a exist\u00eancia de ind\u00edcios que justificam a investiga\u00e7\u00e3o sobre a rela\u00e7\u00e3o de Gusttavo Lima com empres\u00e1rios acusados de gerenciar esquema de jogos, mas sustenta que a decis\u00e3o judicial n\u00e3o encontra amparo no artigo 312 do C\u00f3digo de Processo Penal, que prev\u00ea os requisitos para a aplica\u00e7\u00e3o da medida.<\/p>\n<p>\u201cA lei \u00e9 clara quanto \u00e0 presun\u00e7\u00e3o de inoc\u00eancia e \u00e0 n\u00e3o antecipa\u00e7\u00e3o de pena\u201d, afirma Jacqueline.\n<\/p>\n<p>A assessoria do cantor afirma que a decis\u00e3o \u00e9 \u201ctotalmente contr\u00e1ria aos fatos\u201d e que sua defesa \u201cn\u00e3o vai medir esfor\u00e7os para combater decis\u00e3o injusta e sem fundamentos legais\u201d. \u201cAcreditamos na Justi\u00e7a\u201d, disseram os assessores. \u201cGusttavo Lima jamais seria conivente com fato contr\u00e1rio ao ordenamento legal em nosso pa\u00eds. Os autos tramitam em segredo de Justi\u00e7a. Qualquer viola\u00e7\u00e3o ser\u00e1 objeto de repara\u00e7\u00e3o e responsabilidade dos infratores.\u201d\n<\/p>\n<p>A defesa alega ainda que o cantor n\u00e3o faz parte de nenhuma organiza\u00e7\u00e3o criminosa e que a Balada Eventos apenas teve rela\u00e7\u00f5es comerciais com as empresas investigadas.\n<\/p>\n<p><strong>Entenda o caso que envolve Gusttavo Lima<\/strong><br \/>A pris\u00e3o de Nivaldo Batista Lima, nome de Gusttavo Lima, foi decretada pela ju\u00edza Andrea Calado da Cruz, da 12\u00aa Vara Criminal do Recife, por suspeita de envolvimento do cantor em um esquema de jogos ilegais e lavagem de dinheiro. A ju\u00edza tamb\u00e9m ordenou a suspens\u00e3o do passaporte de Gusttavo Lima e o bloqueio de seus bens, incluindo im\u00f3veis, contas banc\u00e1rias e aplica\u00e7\u00f5es financeiras.\n<\/p>\n<p>\u201cEst\u00e1 correta a investiga\u00e7\u00e3o da suposta participa\u00e7\u00e3o do cantor no esquema, h\u00e1 ind\u00edcios para isso\u201d, admite Jacqueline Valles. \u201cMas, at\u00e9 o momento, ele \u00e9 apenas investigado.\u201d\n<\/p>\n<p>Ela explica que a pris\u00e3o preventiva poder\u00e1 ser decretada como garantia da ordem p\u00fablica e da ordem econ\u00f4mica, por conveni\u00eancia da instru\u00e7\u00e3o criminal ou para assegurar a aplica\u00e7\u00e3o da lei penal, quando houver prova da exist\u00eancia do crime e ind\u00edcio suficiente de autoria e de perigo gerado pela liberdade do acusado.\n<\/p>\n<p>\u201cO artigo 312 do C\u00f3digo de Processo Penal \u00e9 claro ao dizer que n\u00e3o ser\u00e1 admitida a decreta\u00e7\u00e3o da pris\u00e3o preventiva com a finalidade de antecipa\u00e7\u00e3o de cumprimento de pena ou como decorr\u00eancia imediata de investiga\u00e7\u00e3o criminal ou da apresenta\u00e7\u00e3o ou recebimento de den\u00fancia\u201d, sustenta Jacqueline.\n<\/p>\n<p>Na avalia\u00e7\u00e3o da advogada, o fato de Gusttavo Lima ser \u201cuma pessoa p\u00fablica \u00e9 uma garantia para a Justi\u00e7a, e n\u00e3o um risco\u201d.\n<\/p>\n<p>\u201cEle \u00e9 uma pessoa p\u00fablica, tudo o que ele fizer ter\u00e1 visibilidade\u201d, argumenta a advogada. \u201cDificilmente, se ele quisesse fugir ou atrapalhar o processo, passaria despercebido. Essa visibilidade \u00e9 uma tranquilidade para a Justi\u00e7a, uma garantia de que ele deve responder ao processo, mas n\u00e3o em c\u00e1rcere.\u201d\n<\/p>\n<p><strong>A investiga\u00e7\u00e3o<\/strong><br \/>A Justi\u00e7a de Pernambuco determinou a pris\u00e3o do cantor Gusttavo Lima por suspeita de envolvimento em um esquema de jogos ilegais e lavagem de dinheiro. A ju\u00edza Andrea Calado da Cruz acatou o pedido da Pol\u00edcia Civil, que investiga a rela\u00e7\u00e3o do cantor com empres\u00e1rios acusados de gerenciar o esquema.\n<\/p>\n<p>A decis\u00e3o judicial se baseia em ind\u00edcios de que Gusttavo Lima, por meio de sua empresa Balada Eventos, teria participado da lavagem de dinheiro proveniente dos jogos ilegais.\n<\/p>\n<p>No decreto de pris\u00e3o do cantor, a ju\u00edza destaca sua \u201cintensa rela\u00e7\u00e3o financeira\u201d com outros investigados, incluindo \u201cmovimenta\u00e7\u00f5es suspeitas\u201d.\n<\/p>\n<p>Em nota, a assessoria de Gusttavo Lima reagiu enfaticamente \u00e0 ordem de pris\u00e3o do cantor. \u201c\u00c9 uma decis\u00e3o totalmente contr\u00e1ria aos fatos\u201d, afirmou. \u201cN\u00e3o ser\u00e3o medidos esfor\u00e7os para combater uma decis\u00e3o injusta e sem fundamentos legais. Acreditamos na Justi\u00e7a brasileira.\u201d\n<\/p>\n<p>Fonte: Revista Oeste, com informa\u00e7\u00f5es da Ag\u00eancia Estado <\/p>\n<\/div>\n<p><br \/>\n<br \/><a href=\"https:\/\/diariodobrasilnoticias.com.br\/noticia\/jurista-afirma-que-a-prisao-de-gusttavo-lima-e-ilegal-e-midiatica-66f2939d5104a\">Source link <\/a><\/p>","protected":false},"excerpt":{"rendered":"<p>A pris\u00e3o preventiva do cantor Gusttavo Lima, decretada pela Justi\u00e7a de Pernambuco nesta segunda-feira, 23, \u00e9 \u201cilegal e midi\u00e1tica\u201d. A avalia\u00e7\u00e3o \u00e9 da jurista Jacqueline Valles, mestre e professora de&hellip;<\/p>","protected":false},"author":1,"featured_media":41155,"comment_status":"closed","ping_status":"open","sticky":false,"template":"","format":"standard","meta":{"content-type":"","footnotes":""},"categories":[16],"tags":[123,2448,5313,1267],"class_list":["post-41154","post","type-post","status-publish","format-standard","has-post-thumbnail","hentry","category-noticias","tag-brasil","tag-diario","tag-noticia","tag-noticias"],"_links":{"self":[{"href":"https:\/\/tvbrazilusa.com\/pt\/wp-json\/wp\/v2\/posts\/41154","targetHints":{"allow":["GET"]}}],"collection":[{"href":"https:\/\/tvbrazilusa.com\/pt\/wp-json\/wp\/v2\/posts"}],"about":[{"href":"https:\/\/tvbrazilusa.com\/pt\/wp-json\/wp\/v2\/types\/post"}],"author":[{"embeddable":true,"href":"https:\/\/tvbrazilusa.com\/pt\/wp-json\/wp\/v2\/users\/1"}],"replies":[{"embeddable":true,"href":"https:\/\/tvbrazilusa.com\/pt\/wp-json\/wp\/v2\/comments?post=41154"}],"version-history":[{"count":1,"href":"https:\/\/tvbrazilusa.com\/pt\/wp-json\/wp\/v2\/posts\/41154\/revisions"}],"predecessor-version":[{"id":41156,"href":"https:\/\/tvbrazilusa.com\/pt\/wp-json\/wp\/v2\/posts\/41154\/revisions\/41156"}],"wp:featuredmedia":[{"embeddable":true,"href":"https:\/\/tvbrazilusa.com\/pt\/wp-json\/wp\/v2\/media\/41155"}],"wp:attachment":[{"href":"https:\/\/tvbrazilusa.com\/pt\/wp-json\/wp\/v2\/media?parent=41154"}],"wp:term":[{"taxonomy":"category","embeddable":true,"href":"https:\/\/tvbrazilusa.com\/pt\/wp-json\/wp\/v2\/categories?post=41154"},{"taxonomy":"post_tag","embeddable":true,"href":"https:\/\/tvbrazilusa.com\/pt\/wp-json\/wp\/v2\/tags?post=41154"}],"curies":[{"name":"wp","href":"https:\/\/api.w.org\/{rel}","templated":true}]}}