{"id":41160,"date":"2024-09-24T12:20:35","date_gmt":"2024-09-24T12:20:35","guid":{"rendered":"https:\/\/tvbrazilusa.com\/2024\/09\/24\/aerolineas-argentinas-obtem-lucro-pela-primeira-vez-em-7-anos\/"},"modified":"2024-09-24T12:20:36","modified_gmt":"2024-09-24T12:20:36","slug":"aerolineas-argentinas-obtem-lucro-pela-primeira-vez-em-7-anos","status":"publish","type":"post","link":"https:\/\/tvbrazilusa.com\/pt\/2024\/09\/24\/aerolineas-argentinas-obtem-lucro-pela-primeira-vez-em-7-anos\/","title":{"rendered":"Aerol\u00edneas Argentinas obt\u00e9m lucro pela primeira vez em 7 anos"},"content":{"rendered":"<p> <script async src=\"https:\/\/pagead2.googlesyndication.com\/pagead\/js\/adsbygoogle.js?client=ca-pub-8864793242727901\"\r\n     crossorigin=\"anonymous\"><\/script><br \/>\n<\/p>\n<div>\n<figure class=\"post-image\">\n<\/figure>\n<p><span style=\"font-size: 12px\">(Divulga\u00e7\u00e3o)<\/span><\/p>\n<div id=\"taboola-read-more\" style=\"display:block; width:100%\">\n<p>O presidente da Aerol\u00edneas Argentinas, Fabi\u00e1n Lombardo, anunciou que a companhia a\u00e9rea estatal reduziu em 70% o d\u00e9ficit operacional da companhia no primeiro semestre de 2024.\n<\/p>\n<p>O preju\u00edzo caiu de US$ 272 milh\u00f5es para US$ 79 milh\u00f5es, refletindo os esfor\u00e7os da nova em otimizar os recursos e ajustar sua estrutura interna.<\/p>\n<p>Ao todo, a estatal argentina reduziu o n\u00famero de funcion\u00e1rios em 13%, com a demiss\u00e3o de 1500 colaboradores por meio de programas de demiss\u00e3o volunt\u00e1ria e pr\u00e9-aposentadoria. A for\u00e7a de trabalho atual da Aerol\u00edneas \u00e9 de 10.400 funcion\u00e1rios, n\u00famero que segundo Lombardo, se aproxima do \u2018racional\u2019 ante a magnitude da opera\u00e7\u00e3o.\n<\/p>\n<p>Lombardo tamb\u00e9m celebrou o primeiro lucro da companhia em uma temporada de inverno desde 2017, com um resultado positivo de mais de US$ 20 milh\u00f5es em julho. No mesmo per\u00edodo do ano passado, a empresa registrou um preju\u00edzo de US$ 5 milh\u00f5es, demonstrando uma recupera\u00e7\u00e3o substancial.\n<\/p>\n<p>Fonte: The investidor <\/p>\n<\/div>\n<div class=\"row mt-3\">\n<div class=\"col-sm-6\">\n<p><a href=\"https:\/\/chat.whatsapp.com\/GwURnmOyPiN1XheGYvCspN\" target=\"_blank\" rel=\"noopener\"><br \/>\n<img decoding=\"async\" src=\"https:\/\/diariodobrasilnoticias.com.br\/assets-site\/images\/bot_whatsapp.png\"\/><\/a>\n<\/div>\n<div class=\"col-sm-6\">\n<a href=\"https:\/\/t.me\/+_4gTmi5LKo03OTM5\" target=\"_blank\" rel=\"noopener\"><br \/>\n<img decoding=\"async\" src=\"https:\/\/diariodobrasilnoticias.com.br\/assets-site\/images\/bot_telegram.png\"\/><\/a>\n<\/div>\n<\/div>\n<\/div>\n<p><br \/>\n<br \/><a href=\"https:\/\/diariodobrasilnoticias.com.br\/noticia\/aerolineas-argentinas-obtem-lucro-pela-primeira-vez-em-7-anos-66f291e17df8d\">Source link <\/a><\/p>","protected":false},"excerpt":{"rendered":"<p>(Divulga\u00e7\u00e3o) O presidente da Aerol\u00edneas Argentinas, Fabi\u00e1n Lombardo, anunciou que a companhia a\u00e9rea estatal reduziu em 70% o d\u00e9ficit operacional da companhia no primeiro semestre de 2024. O preju\u00edzo caiu&hellip;<\/p>","protected":false},"author":1,"featured_media":41161,"comment_status":"closed","ping_status":"open","sticky":false,"template":"","format":"standard","meta":{"content-type":"","footnotes":""},"categories":[16],"tags":[123,2448,5313,1267],"class_list":["post-41160","post","type-post","status-publish","format-standard","has-post-thumbnail","hentry","category-noticias","tag-brasil","tag-diario","tag-noticia","tag-noticias"],"_links":{"self":[{"href":"https:\/\/tvbrazilusa.com\/pt\/wp-json\/wp\/v2\/posts\/41160","targetHints":{"allow":["GET"]}}],"collection":[{"href":"https:\/\/tvbrazilusa.com\/pt\/wp-json\/wp\/v2\/posts"}],"about":[{"href":"https:\/\/tvbrazilusa.com\/pt\/wp-json\/wp\/v2\/types\/post"}],"author":[{"embeddable":true,"href":"https:\/\/tvbrazilusa.com\/pt\/wp-json\/wp\/v2\/users\/1"}],"replies":[{"embeddable":true,"href":"https:\/\/tvbrazilusa.com\/pt\/wp-json\/wp\/v2\/comments?post=41160"}],"version-history":[{"count":1,"href":"https:\/\/tvbrazilusa.com\/pt\/wp-json\/wp\/v2\/posts\/41160\/revisions"}],"predecessor-version":[{"id":41162,"href":"https:\/\/tvbrazilusa.com\/pt\/wp-json\/wp\/v2\/posts\/41160\/revisions\/41162"}],"wp:featuredmedia":[{"embeddable":true,"href":"https:\/\/tvbrazilusa.com\/pt\/wp-json\/wp\/v2\/media\/41161"}],"wp:attachment":[{"href":"https:\/\/tvbrazilusa.com\/pt\/wp-json\/wp\/v2\/media?parent=41160"}],"wp:term":[{"taxonomy":"category","embeddable":true,"href":"https:\/\/tvbrazilusa.com\/pt\/wp-json\/wp\/v2\/categories?post=41160"},{"taxonomy":"post_tag","embeddable":true,"href":"https:\/\/tvbrazilusa.com\/pt\/wp-json\/wp\/v2\/tags?post=41160"}],"curies":[{"name":"wp","href":"https:\/\/api.w.org\/{rel}","templated":true}]}}