{"id":41163,"date":"2024-09-24T12:33:47","date_gmt":"2024-09-24T12:33:47","guid":{"rendered":"https:\/\/tvbrazilusa.com\/2024\/09\/24\/policiais-militares-federais-guardas-e-ate-um-juiz-investigaram-informacoes-de-moraes-e-de-delegados-da-pf\/"},"modified":"2024-09-24T12:33:48","modified_gmt":"2024-09-24T12:33:48","slug":"policiais-militares-federais-guardas-e-ate-um-juiz-investigaram-informacoes-de-moraes-e-de-delegados-da-pf","status":"publish","type":"post","link":"https:\/\/tvbrazilusa.com\/pt\/2024\/09\/24\/policiais-militares-federais-guardas-e-ate-um-juiz-investigaram-informacoes-de-moraes-e-de-delegados-da-pf\/","title":{"rendered":"Policiais militares, federais, guardas e at\u00e9 um juiz investigaram informa\u00e7\u00f5es de Moraes e de delegados da PF"},"content":{"rendered":"<p> <script async src=\"https:\/\/pagead2.googlesyndication.com\/pagead\/js\/adsbygoogle.js?client=ca-pub-8864793242727901\"\r\n     crossorigin=\"anonymous\"><\/script><br \/>\n<\/p>\n<div>\n<figure class=\"post-image\">\n<\/figure>\n<p><span style=\"font-size: 12px\">Foto: Gustavo Moreno\/STF<\/span><\/p>\n<div id=\"taboola-read-more\" style=\"display:block; width:100%\">\n<p>A Pol\u00edcia Federal est\u00e1 investigando, h\u00e1 seis meses, acessos indevidos a dados restritos e informa\u00e7\u00f5es pessoais do ministro do Supremo Tribunal Federal (STF) Alexandre de Moraes e de autoridades policiais que atuaram em inqu\u00e9ritos como o das fake news, das mil\u00edcias digitais e das joias recebidas pelo ex-presidente Jair Bolsonaro. As pesquisas foram feitas em um banco de dados de uso exclusivo das for\u00e7as policiais e do judici\u00e1rio chamado Sinesp Infoseg.<\/p>\n<p>Na lista de suspeitos pelos acessos indevidos aparecem 25 n\u00facleos de pesquisa com login e senha. Eles correspondem a perfis ligados a policiais militares, policiais civis, policiais federais, policiais rodovi\u00e1rios federais, membros do Minist\u00e9rio P\u00fablico, um assistente no Tribunal Regional do Trabalho da 4\u00aa Regi\u00e3o, um login atribu\u00eddo a um juiz no interior de S\u00e3o Paulo e at\u00e9 guardas municipais, segundo documentos obtidos pela Gazeta do Povo.<\/p>\n<p>O Sinespe Infoseg \u00e9 o Sistema Nacional de Informa\u00e7\u00f5es de Seguran\u00e7a P\u00fablica, uma plataforma que integra os dados de seguran\u00e7a p\u00fablica, Justi\u00e7a e fiscaliza\u00e7\u00e3o em todo territ\u00f3rio nacional. Ele agrega dados de pessoas que s\u00e3o alvos de inqu\u00e9ritos, de processos, de mandados de pris\u00e3o, al\u00e9m de reunir informa\u00e7\u00f5es de ve\u00edculos, condutores e registro de armas. O conte\u00fado acessado por um ministro do STF \u00e9 o mesmo dispon\u00edvel para consulta \u00e0s pol\u00edcias e guardas municipais de todo o Brasil.<\/p>\n<p>O simples acesso aos dados pelo sistema por agentes autorizados n\u00e3o \u00e9 crime. Mas se as informa\u00e7\u00f5es obtidas forem usadas para fins como causar constrangimentos a autoridades ou serem comercializadas para organiza\u00e7\u00f5es pol\u00edticas ou criminosas, o agente p\u00fablico pode responder a procedimentos administrativos e at\u00e9 a processos que podem levar \u00e0 perda do cargo na esfera da administra\u00e7\u00e3o p\u00fablica.\n<\/p>\n<p>Fonte: Gazeta do Povo<\/p>\n<\/p><\/div>\n<div class=\"row mt-3\">\n<div class=\"col-sm-6\">\n<p><a href=\"https:\/\/chat.whatsapp.com\/GwURnmOyPiN1XheGYvCspN\" target=\"_blank\" rel=\"noopener\"><br \/>\n<img decoding=\"async\" src=\"https:\/\/diariodobrasilnoticias.com.br\/assets-site\/images\/bot_whatsapp.png\"\/><\/a>\n<\/div>\n<div class=\"col-sm-6\">\n<a href=\"https:\/\/t.me\/+_4gTmi5LKo03OTM5\" target=\"_blank\" rel=\"noopener\"><br \/>\n<img decoding=\"async\" src=\"https:\/\/diariodobrasilnoticias.com.br\/assets-site\/images\/bot_telegram.png\"\/><\/a>\n<\/div>\n<\/div>\n<\/div>\n<p><br \/>\n<br \/><a href=\"https:\/\/diariodobrasilnoticias.com.br\/noticia\/policiais-militares-federais-guardas-e-ate-um-juiz-investigaram-informacoes-de-moraes-e-de-delegados-da-pf-66f2973e93251\">Source link <\/a><\/p>","protected":false},"excerpt":{"rendered":"<p>Foto: Gustavo Moreno\/STF A Pol\u00edcia Federal est\u00e1 investigando, h\u00e1 seis meses, acessos indevidos a dados restritos e informa\u00e7\u00f5es pessoais do ministro do Supremo Tribunal Federal (STF) Alexandre de Moraes e&hellip;<\/p>","protected":false},"author":1,"featured_media":41164,"comment_status":"closed","ping_status":"open","sticky":false,"template":"","format":"standard","meta":{"content-type":"","footnotes":""},"categories":[16],"tags":[123,2448,5313,1267],"class_list":["post-41163","post","type-post","status-publish","format-standard","has-post-thumbnail","hentry","category-noticias","tag-brasil","tag-diario","tag-noticia","tag-noticias"],"_links":{"self":[{"href":"https:\/\/tvbrazilusa.com\/pt\/wp-json\/wp\/v2\/posts\/41163","targetHints":{"allow":["GET"]}}],"collection":[{"href":"https:\/\/tvbrazilusa.com\/pt\/wp-json\/wp\/v2\/posts"}],"about":[{"href":"https:\/\/tvbrazilusa.com\/pt\/wp-json\/wp\/v2\/types\/post"}],"author":[{"embeddable":true,"href":"https:\/\/tvbrazilusa.com\/pt\/wp-json\/wp\/v2\/users\/1"}],"replies":[{"embeddable":true,"href":"https:\/\/tvbrazilusa.com\/pt\/wp-json\/wp\/v2\/comments?post=41163"}],"version-history":[{"count":1,"href":"https:\/\/tvbrazilusa.com\/pt\/wp-json\/wp\/v2\/posts\/41163\/revisions"}],"predecessor-version":[{"id":41165,"href":"https:\/\/tvbrazilusa.com\/pt\/wp-json\/wp\/v2\/posts\/41163\/revisions\/41165"}],"wp:featuredmedia":[{"embeddable":true,"href":"https:\/\/tvbrazilusa.com\/pt\/wp-json\/wp\/v2\/media\/41164"}],"wp:attachment":[{"href":"https:\/\/tvbrazilusa.com\/pt\/wp-json\/wp\/v2\/media?parent=41163"}],"wp:term":[{"taxonomy":"category","embeddable":true,"href":"https:\/\/tvbrazilusa.com\/pt\/wp-json\/wp\/v2\/categories?post=41163"},{"taxonomy":"post_tag","embeddable":true,"href":"https:\/\/tvbrazilusa.com\/pt\/wp-json\/wp\/v2\/tags?post=41163"}],"curies":[{"name":"wp","href":"https:\/\/api.w.org\/{rel}","templated":true}]}}