{"id":41178,"date":"2024-09-24T13:23:34","date_gmt":"2024-09-24T13:23:34","guid":{"rendered":"https:\/\/tvbrazilusa.com\/2024\/09\/24\/preco-do-queijo-atinge-r-70-e-surpreende-consumidores-no-rn\/"},"modified":"2024-09-24T13:23:35","modified_gmt":"2024-09-24T13:23:35","slug":"preco-do-queijo-atinge-r-70-e-surpreende-consumidores-no-rn","status":"publish","type":"post","link":"https:\/\/tvbrazilusa.com\/pt\/2024\/09\/24\/preco-do-queijo-atinge-r-70-e-surpreende-consumidores-no-rn\/","title":{"rendered":"Pre\u00e7o do queijo atinge R$ 70 e surpreende consumidores no RN"},"content":{"rendered":"<p> <script async src=\"https:\/\/pagead2.googlesyndication.com\/pagead\/js\/adsbygoogle.js?client=ca-pub-8864793242727901\"\r\n     crossorigin=\"anonymous\"><\/script><br \/>\n<\/p>\n<div id=\"taboola-read-more\" style=\"display:block; width:100%\">\n<p>O pre\u00e7o do quilo do queijo chegou a R$ 70 nos supermercados de Natal, nesta quinta-feira (28). O valor do produto assustou os consumidores potiguares. No interior do estado, o pre\u00e7o tamb\u00e9m est\u00e1 mais alto.\n<\/p>\n<p>O educador f\u00edsico Renato Nascimento foi uma das pessoas que registraram o pre\u00e7o em uma rede de supermercados da capital potiguar, ao se assustar com o pre\u00e7o.<\/p>\n<p>A professora Let\u00edcia Damasceno \u00e9 outra consumidora que mudou os h\u00e1bitos por causa do pre\u00e7o do produto. &#8220;Diminu\u00edmos o consumo em casa&#8221;, revelou.\n<\/p>\n<p>Em Mossor\u00f3, a jornalista Ana Cl\u00e1udia Barbalho encontrou o quilo do produto a R$ 63,58 na quarta-feira (28) em um atacarejo &#8211; supermercado com pre\u00e7os para consumidores finais e compras em atacado.\n<\/p>\n<p>&#8220;Tem sido bem tenso, ir ao supermercado. Ontem me deparei com essa n\u00e3o grata surpresa, o queijo mais caro que fil\u00e9&#8221;, afirmou ao g1.\n<\/p>\n<p>A Associa\u00e7\u00e3o dos Supermercados do Rio Grande do Norte foi procurada para comentar o pre\u00e7o do produto, mas n\u00e3o respondeu at\u00e9 a \u00faltima atualiza\u00e7\u00e3o desta mat\u00e9ria.\n<\/p>\n<p>Segundo especialistas, o aumento do queijo \u00e9 reflexo da alta no pre\u00e7o do leite. O pre\u00e7o do leite longa vida subiu 22% na pr\u00e9via da infla\u00e7\u00e3o de julho e acumula alta de 57% no ano.\n<\/p>\n<p>O item foi o que mais influenciou o avan\u00e7o de 0,13% do \u00cdndice de Pre\u00e7os ao Consumidor Amplo-15 (IPCA-15) deste m\u00eas, calculado pelo Instituto Brasileiro de Geografia e Estat\u00edstica (IBGE). O indicador mede a infla\u00e7\u00e3o oficial do pa\u00eds.\n<\/p>\n<p>Com isso, os derivados do leite tamb\u00e9m tiveram aumento, como o requeij\u00e3o (4,74%), manteiga (4,25%) e queijo (3,22%).\n<\/p>\n<p>O pre\u00e7o do leite costuma subir durante a entressafra, que vai de abril at\u00e9 junho, de acordo com o Centro de Estudos Avan\u00e7ados em Economia Aplicada (Cepea). \u00c9 quando o clima mais seco prejudica a disponibilidade e a qualidade das pastagens.\n<\/p>\n<p>Contudo, neste ano, os produtores tiveram mais dificuldades de lidar com a entressafra por causa da alta nos custos de produ\u00e7\u00e3o e efeitos do fen\u00f4meno La Nin\u00e3, que provoca uma redu\u00e7\u00e3o das chuvas no Sul do pa\u00eds e as aumenta no Centro-Norte.\n<\/p>\n<p>Os insumos que mais est\u00e3o pesando para o produtor s\u00e3o a ra\u00e7\u00e3o \u2014 por causa da valoriza\u00e7\u00e3o no mercado de gr\u00e3os, os suplementos minerais, os fertilizantes e o combust\u00edvel. Al\u00e9m disso, o aumento das exporta\u00e7\u00f5es de gr\u00e3os e a queda na disponibilidade interna tamb\u00e9m pressionam os pre\u00e7os.\n<\/p>\n<p>Fonte: g1 RN <\/p>\n<\/div>\n<p><br \/>\n<br \/><a href=\"https:\/\/diariodobrasilnoticias.com.br\/noticia\/preco-do-queijo-atinge-r-70-e-surpreende-consumidores-no-rn-66f29fbdcac58\">Source link <\/a><\/p>","protected":false},"excerpt":{"rendered":"<p>O pre\u00e7o do quilo do queijo chegou a R$ 70 nos supermercados de Natal, nesta quinta-feira (28). O valor do produto assustou os consumidores potiguares. No interior do estado, o&hellip;<\/p>","protected":false},"author":1,"featured_media":41179,"comment_status":"closed","ping_status":"open","sticky":false,"template":"","format":"standard","meta":{"content-type":"","footnotes":""},"categories":[16],"tags":[123,2448,5313,1267],"class_list":["post-41178","post","type-post","status-publish","format-standard","has-post-thumbnail","hentry","category-noticias","tag-brasil","tag-diario","tag-noticia","tag-noticias"],"_links":{"self":[{"href":"https:\/\/tvbrazilusa.com\/pt\/wp-json\/wp\/v2\/posts\/41178","targetHints":{"allow":["GET"]}}],"collection":[{"href":"https:\/\/tvbrazilusa.com\/pt\/wp-json\/wp\/v2\/posts"}],"about":[{"href":"https:\/\/tvbrazilusa.com\/pt\/wp-json\/wp\/v2\/types\/post"}],"author":[{"embeddable":true,"href":"https:\/\/tvbrazilusa.com\/pt\/wp-json\/wp\/v2\/users\/1"}],"replies":[{"embeddable":true,"href":"https:\/\/tvbrazilusa.com\/pt\/wp-json\/wp\/v2\/comments?post=41178"}],"version-history":[{"count":1,"href":"https:\/\/tvbrazilusa.com\/pt\/wp-json\/wp\/v2\/posts\/41178\/revisions"}],"predecessor-version":[{"id":41180,"href":"https:\/\/tvbrazilusa.com\/pt\/wp-json\/wp\/v2\/posts\/41178\/revisions\/41180"}],"wp:featuredmedia":[{"embeddable":true,"href":"https:\/\/tvbrazilusa.com\/pt\/wp-json\/wp\/v2\/media\/41179"}],"wp:attachment":[{"href":"https:\/\/tvbrazilusa.com\/pt\/wp-json\/wp\/v2\/media?parent=41178"}],"wp:term":[{"taxonomy":"category","embeddable":true,"href":"https:\/\/tvbrazilusa.com\/pt\/wp-json\/wp\/v2\/categories?post=41178"},{"taxonomy":"post_tag","embeddable":true,"href":"https:\/\/tvbrazilusa.com\/pt\/wp-json\/wp\/v2\/tags?post=41178"}],"curies":[{"name":"wp","href":"https:\/\/api.w.org\/{rel}","templated":true}]}}