{"id":41184,"date":"2024-09-24T13:55:10","date_gmt":"2024-09-24T13:55:10","guid":{"rendered":"https:\/\/tvbrazilusa.com\/2024\/09\/24\/assessor-de-pablo-marcal-e-solto-depois-de-depoimento-a-policia\/"},"modified":"2024-09-24T13:55:11","modified_gmt":"2024-09-24T13:55:11","slug":"assessor-de-pablo-marcal-e-solto-depois-de-depoimento-a-policia","status":"publish","type":"post","link":"https:\/\/tvbrazilusa.com\/pt\/2024\/09\/24\/assessor-de-pablo-marcal-e-solto-depois-de-depoimento-a-policia\/","title":{"rendered":"Assessor de Pablo Mar\u00e7al \u00e9 solto depois de depoimento \u00e0 pol\u00edcia"},"content":{"rendered":"<p> <script async src=\"https:\/\/pagead2.googlesyndication.com\/pagead\/js\/adsbygoogle.js?client=ca-pub-8864793242727901\"\r\n     crossorigin=\"anonymous\"><\/script><br \/>\n<\/p>\n<div id=\"taboola-read-more\" style=\"display:block; width:100%\">\n<p>Depois de desferir um soco contra o marqueteiro de Ricardo Nunes (MDB), Duda Lima, o cinegrafista Nahuel Medina, da equipe de Pablo Mar\u00e7al (PRTB), prestou depoimento \u00e0 pol\u00edcia e foi liberado. O incidente ocorreu durante um debate entre candidatos \u00e0 Prefeitura de S\u00e3o Paulo, na segunda-feira 24. Medina afirmou que Lima provocou a agress\u00e3o.\n<\/p>\n<p>De acordo com o jornal Folha de S.Paulo, Medina relatou que Duda insultava o empres\u00e1rio e tentava transmitir \u201cum c\u00f3digo\u201d ao prefeito. O cinegrafista n\u00e3o especificou o tipo de c\u00f3digo mencionado, mas explicou que, ao presenciar a cena, come\u00e7ou a gravar para expor como \u201cos marqueteiros agem pelas costas e manipulam as narrativas\u201d.<\/p>\n<p>Ele tamb\u00e9m alegou que Duda teria afastado seu celular, o que o levou a, em um ato instintivo, desferir o soco.\n<\/p>\n<p><strong>Registro de B.O. e defesa do Assessor de Pablo Mar\u00e7al<\/strong><br \/>Medina tamb\u00e9m registrou um boletim de ocorr\u00eancia contra Duda. Ele alegou ter sido o primeiro a sofrer a agress\u00e3o, mas a delegacia n\u00e3o confirmou a informa\u00e7\u00e3o.\n<\/p>\n<p>\u201cO que eu fiz foi s\u00f3 me defender; eu estou aqui agora, mas talvez eu estivesse em casa se tivesse usado uma cadeira igual aconteceu com o Datena\u201d, afirmou Medina, referindo-se ao epis\u00f3dio em que Jos\u00e9 Luiz Datena jogou uma cadeira em Mar\u00e7al no debate promovido pela TV Cultura.\n<\/p>\n<p>Ele tamb\u00e9m declarou que o incidente n\u00e3o vai prejudicar a campanha de Mar\u00e7al e acrescentou que o influenciador \u201cj\u00e1 \u00e9 o prefeito de S\u00e3o Paulo, se quiserem aceitar ou n\u00e3o\u201d. Duda Lima, que deixou a delegacia cerca de uma hora antes de Medina, optou por n\u00e3o falar com a imprensa.\n<\/p>\n<p>Com o rosto machucado e pontos na regi\u00e3o dos olhos, Duda passou parte da noite no Hospital Albert Einstein, onde se submeteu a uma s\u00e9rie de exames.\n<\/p>\n<p><strong>Advogado de Duda Lima se manifesta<\/strong><br \/>O advogado Daniel Bialski classificou a agress\u00e3o como \u201cselvageria\u201d e afirmou que as testemunhas confirmaram que Duda foi a v\u00edtima da agress\u00e3o perpetrada por Medina. Bialski criticou a falta de civilidade da equipe advers\u00e1ria e destacou que a agress\u00e3o foi denunciada como les\u00e3o corporal leve. No entanto, ainda s\u00e3o necess\u00e1rios exames complementares para determinar se houve les\u00e3o na vis\u00e3o de Duda.\n<\/p>\n<p>Al\u00e9m do agressor e da v\u00edtima, a pol\u00edcia ouviu outras testemunhas e vai preparar um relat\u00f3rio sobre o caso para encaminhar ao Judici\u00e1rio.\n<\/p>\n<p><strong>Poss\u00edvel crime de falsa comunica\u00e7\u00e3o<\/strong><br \/>Em rela\u00e7\u00e3o ao boletim de ocorr\u00eancia registrado pela equipe de Mar\u00e7al, Bialski afirmou que, se confirmado, constituir\u00e1 um crime de falsa comunica\u00e7\u00e3o de crime de denuncia\u00e7\u00e3o. \u201cO Eduardo \u00e9 a v\u00edtima\u201d, reiterou o advogado.\n<\/p>\n<p>Fonte: Revista Oeste <\/p>\n<\/div>\n<p><br \/>\n<br \/><a href=\"https:\/\/diariodobrasilnoticias.com.br\/noticia\/assessor-de-pablo-marcal-e-solto-depois-de-depoimento-a-policia-66f2a27e3aa90\">Source link <\/a><\/p>","protected":false},"excerpt":{"rendered":"<p>Depois de desferir um soco contra o marqueteiro de Ricardo Nunes (MDB), Duda Lima, o cinegrafista Nahuel Medina, da equipe de Pablo Mar\u00e7al (PRTB), prestou depoimento \u00e0 pol\u00edcia e foi&hellip;<\/p>","protected":false},"author":1,"featured_media":41185,"comment_status":"closed","ping_status":"open","sticky":false,"template":"","format":"standard","meta":{"content-type":"","footnotes":""},"categories":[16],"tags":[123,2448,5313,1267],"class_list":["post-41184","post","type-post","status-publish","format-standard","has-post-thumbnail","hentry","category-noticias","tag-brasil","tag-diario","tag-noticia","tag-noticias"],"_links":{"self":[{"href":"https:\/\/tvbrazilusa.com\/pt\/wp-json\/wp\/v2\/posts\/41184","targetHints":{"allow":["GET"]}}],"collection":[{"href":"https:\/\/tvbrazilusa.com\/pt\/wp-json\/wp\/v2\/posts"}],"about":[{"href":"https:\/\/tvbrazilusa.com\/pt\/wp-json\/wp\/v2\/types\/post"}],"author":[{"embeddable":true,"href":"https:\/\/tvbrazilusa.com\/pt\/wp-json\/wp\/v2\/users\/1"}],"replies":[{"embeddable":true,"href":"https:\/\/tvbrazilusa.com\/pt\/wp-json\/wp\/v2\/comments?post=41184"}],"version-history":[{"count":1,"href":"https:\/\/tvbrazilusa.com\/pt\/wp-json\/wp\/v2\/posts\/41184\/revisions"}],"predecessor-version":[{"id":41186,"href":"https:\/\/tvbrazilusa.com\/pt\/wp-json\/wp\/v2\/posts\/41184\/revisions\/41186"}],"wp:featuredmedia":[{"embeddable":true,"href":"https:\/\/tvbrazilusa.com\/pt\/wp-json\/wp\/v2\/media\/41185"}],"wp:attachment":[{"href":"https:\/\/tvbrazilusa.com\/pt\/wp-json\/wp\/v2\/media?parent=41184"}],"wp:term":[{"taxonomy":"category","embeddable":true,"href":"https:\/\/tvbrazilusa.com\/pt\/wp-json\/wp\/v2\/categories?post=41184"},{"taxonomy":"post_tag","embeddable":true,"href":"https:\/\/tvbrazilusa.com\/pt\/wp-json\/wp\/v2\/tags?post=41184"}],"curies":[{"name":"wp","href":"https:\/\/api.w.org\/{rel}","templated":true}]}}