{"id":41204,"date":"2024-09-24T15:03:55","date_gmt":"2024-09-24T15:03:55","guid":{"rendered":"https:\/\/tvbrazilusa.com\/2024\/09\/24\/toffoli-cancela-processos-de-mais-um-reu-na-lava-jato\/"},"modified":"2024-09-24T15:03:57","modified_gmt":"2024-09-24T15:03:57","slug":"toffoli-cancela-processos-de-mais-um-reu-na-lava-jato","status":"publish","type":"post","link":"https:\/\/tvbrazilusa.com\/pt\/2024\/09\/24\/toffoli-cancela-processos-de-mais-um-reu-na-lava-jato\/","title":{"rendered":"Toffoli cancela processos de mais um r\u00e9u na Lava Jato"},"content":{"rendered":"<p> <script async src=\"https:\/\/pagead2.googlesyndication.com\/pagead\/js\/adsbygoogle.js?client=ca-pub-8864793242727901\"\r\n     crossorigin=\"anonymous\"><\/script><br \/>\n<\/p>\n<div id=\"taboola-read-more\" style=\"display:block; width:100%\">\n<p>O ministro Dias Toffoli, do Supremo Tribunal Federal (STF), anulou, na \u00faltima sexta-feira, 20, todos os processos e provas contra o empres\u00e1rio Raul Schmidt Felippe J\u00fanior, na Opera\u00e7\u00e3o Lava Jato. A for\u00e7a-tarefa o havia acusado de operar propinas para servidores de alto escal\u00e3o da Petrobras.\n<\/p>\n<p>Ao pedir a anula\u00e7\u00e3o, a defesa de Schmidt solicitou a extens\u00e3o de decis\u00f5es que beneficiaram o presidente Luiz In\u00e1cio Lula da Silva, o empres\u00e1rio Marcelo Odebrecht e o ex-governador do Paran\u00e1, Beto Richa (PSDB).<\/p>\n<p>Toffoli fala em \u201cconluio\u201d entre magistrados e procuradores<br \/>De acordo com Toffoli, Schmidt foi v\u00edtima de \u201cconluio\u201d entre o ex-juiz Sergio Moro, a ju\u00edza Gabriela Hardt e procuradores da for\u00e7a-tarefa de Curitiba. Segundo o magistrado, isso resultou na viola\u00e7\u00e3o de seus direitos durante as investiga\u00e7\u00f5es e as a\u00e7\u00f5es penais.\n<\/p>\n<p>\u201cOs constantes ajustes e combina\u00e7\u00f5es realizados entre os referidos magistrados representam verdadeiro conluio a inviabilizar o exerc\u00edcio do contradit\u00f3rio e da ampla defesa pelo requerente\u201d, afirmou o ministro. \u201cFica clara a mistura da fun\u00e7\u00e3o de acusa\u00e7\u00e3o com a de julgar, corroendo-se as bases do processo penal democr\u00e1tico.\u201d\n<\/p>\n<p>O ministro ainda mencionou o desmembramento de processos e a suposta manipula\u00e7\u00e3o do ritmo de tramita\u00e7\u00e3o de a\u00e7\u00f5es penais para permitir a extradi\u00e7\u00e3o e a pris\u00e3o do empres\u00e1rio, que possui cidadania portuguesa.\n<\/p>\n<div class=\"autozep-outer\">O ministro decretou a \u201cnulidade absoluta de todos os atos praticados\u201d contra Schmidt no \u00e2mbito da Lava Jato, inclusive na fase pr\u00e9-processual.<\/p>\n<p><strong>Outras acusa\u00e7\u00f5es contra Schmidt<\/strong><br \/>Al\u00e9m de operar propinas para funcion\u00e1rios da Petrobras, a for\u00e7a-tarefa o acusou de intermediar pagamentos em troca da contrata\u00e7\u00e3o da empresa Vantage Drilling, em 2009, para o fretamento de um navio-sonda.<\/p>\n<\/div>\n<p>\u00a0<\/p>\n<div class=\"autozep-outer\">Os benefici\u00e1rios dos pagamentos seriam Jorge Luiz Zelada (ex-diretor internacional da Petrobras) e Eduardo Vaz da Costa Musa (gerente-geral da \u00e1rea internacional).<\/p>\n<p><strong>Efeito domin\u00f3<\/strong><br \/>A decis\u00e3o insere-se em um contexto mais amplo de revis\u00e3o de processos da Opera\u00e7\u00e3o Lava Jato no STF. Em setembro de 2023, Toffoli anulou as provas do acordo de leni\u00eancia da Odebrecht (atual Novonor). Isso gerou um efeito domin\u00f3 que afetou condena\u00e7\u00f5es e at\u00e9 mesmo um acordo de dela\u00e7\u00e3o.<\/p>\n<\/div>\n<p>Com base na decis\u00e3o do ministro, os processos v\u00eam sendo arquivados nas inst\u00e2ncias inferiores. Muitas a\u00e7\u00f5es derivadas da Lava Jato utilizaram provas compartilhadas pela construtora.<\/p>\n<div class=\"autozep-outer\">\n<p>Em agosto, uma a\u00e7\u00e3o que envolvia executivos da Braskem por fraudes de R$ 1,1 bilh\u00e3o tamb\u00e9m foi encerrada. Os acordos de colabora\u00e7\u00e3o premiada e de n\u00e3o persecu\u00e7\u00e3o penal de Jorge Luiz Brusa tamb\u00e9m foram anulados. Isso resultou na devolu\u00e7\u00e3o de R$ 25 milh\u00f5es.\n<\/p>\n<p>Fonte: Revista Oeste\n<\/p>\n<\/div><\/div>\n<p><br \/>\n<br \/><a href=\"https:\/\/diariodobrasilnoticias.com.br\/noticia\/-toffoli-cancela-processos-de-mais-um-reu-na-lava-jato-66f2a8c415dfd\">Source link <\/a><\/p>","protected":false},"excerpt":{"rendered":"<p>O ministro Dias Toffoli, do Supremo Tribunal Federal (STF), anulou, na \u00faltima sexta-feira, 20, todos os processos e provas contra o empres\u00e1rio Raul Schmidt Felippe J\u00fanior, na Opera\u00e7\u00e3o Lava Jato.&hellip;<\/p>","protected":false},"author":1,"featured_media":41205,"comment_status":"closed","ping_status":"open","sticky":false,"template":"","format":"standard","meta":{"content-type":"","footnotes":""},"categories":[16],"tags":[123,2448,5313,1267],"class_list":["post-41204","post","type-post","status-publish","format-standard","has-post-thumbnail","hentry","category-noticias","tag-brasil","tag-diario","tag-noticia","tag-noticias"],"_links":{"self":[{"href":"https:\/\/tvbrazilusa.com\/pt\/wp-json\/wp\/v2\/posts\/41204","targetHints":{"allow":["GET"]}}],"collection":[{"href":"https:\/\/tvbrazilusa.com\/pt\/wp-json\/wp\/v2\/posts"}],"about":[{"href":"https:\/\/tvbrazilusa.com\/pt\/wp-json\/wp\/v2\/types\/post"}],"author":[{"embeddable":true,"href":"https:\/\/tvbrazilusa.com\/pt\/wp-json\/wp\/v2\/users\/1"}],"replies":[{"embeddable":true,"href":"https:\/\/tvbrazilusa.com\/pt\/wp-json\/wp\/v2\/comments?post=41204"}],"version-history":[{"count":1,"href":"https:\/\/tvbrazilusa.com\/pt\/wp-json\/wp\/v2\/posts\/41204\/revisions"}],"predecessor-version":[{"id":41206,"href":"https:\/\/tvbrazilusa.com\/pt\/wp-json\/wp\/v2\/posts\/41204\/revisions\/41206"}],"wp:featuredmedia":[{"embeddable":true,"href":"https:\/\/tvbrazilusa.com\/pt\/wp-json\/wp\/v2\/media\/41205"}],"wp:attachment":[{"href":"https:\/\/tvbrazilusa.com\/pt\/wp-json\/wp\/v2\/media?parent=41204"}],"wp:term":[{"taxonomy":"category","embeddable":true,"href":"https:\/\/tvbrazilusa.com\/pt\/wp-json\/wp\/v2\/categories?post=41204"},{"taxonomy":"post_tag","embeddable":true,"href":"https:\/\/tvbrazilusa.com\/pt\/wp-json\/wp\/v2\/tags?post=41204"}],"curies":[{"name":"wp","href":"https:\/\/api.w.org\/{rel}","templated":true}]}}