{"id":41221,"date":"2024-09-24T15:38:02","date_gmt":"2024-09-24T15:38:02","guid":{"rendered":"https:\/\/tvbrazilusa.com\/2024\/09\/24\/confira-o-pronunciamento-de-gusttavo-lima-sobre-mandado-de-prisao\/"},"modified":"2024-09-24T15:38:03","modified_gmt":"2024-09-24T15:38:03","slug":"confira-o-pronunciamento-de-gusttavo-lima-sobre-mandado-de-prisao","status":"publish","type":"post","link":"https:\/\/tvbrazilusa.com\/pt\/2024\/09\/24\/confira-o-pronunciamento-de-gusttavo-lima-sobre-mandado-de-prisao\/","title":{"rendered":"Confira o pronunciamento de Gusttavo Lima sobre mandado de pris\u00e3o"},"content":{"rendered":"<p> <script async src=\"https:\/\/pagead2.googlesyndication.com\/pagead\/js\/adsbygoogle.js?client=ca-pub-8864793242727901\"\r\n     crossorigin=\"anonymous\"><\/script><br \/>\n<\/p>\n<div id=\"taboola-read-more\" style=\"display:block; width:100%\">\n<p>Com mandado de pris\u00e3o no Brasil, Gusttavo Lima viajou para Miami, nos Estados Unidos. A informa\u00e7\u00e3o foi publicada por Leo Dias, que afirmou ter conversado com o cantor por telefone. Ao colunista, o artista afirmou ser inocente. O artista tamb\u00e9m emitiu nota por meio de sua assessoria de imprensa.\n<\/p>\n<p>\u201cEstou em Miami (EUA)\u201d, declarou Lima, ao ser questionado onde ele estaria. \u201cEu n\u00e3o fiz nada de errado e nem tem nada contra mim. Essa pris\u00e3o vai ser revogada eu tenho f\u00e9 em Deus\u201d, completou o sertanejo, que se mostrou abalado, mas calmo.<\/p>\n<p><strong>Em nota, a defesa de Gusttavo Lima afirma que a decis\u00e3o \u00e9 injusta e sem fundamentos legais. Veja a \u00edntegra:<\/strong>\n<\/p>\n<p><em>\u201cA defesa do cantor Gusttavo Lima recebeu na tarde desta segunda-feira (23\/09), por meio da m\u00eddia, a decis\u00e3o da Ju\u00edza Dra. Andr\u00e9a Calado da Cruz da 12\u00aa Vara Criminal de Recife\/PE que decretou a pris\u00e3o preventiva do cantor e de outras pessoas e esclarece que as medidas cab\u00edveis j\u00e1 est\u00e3o sendo adotadas.<\/em>\n<\/p>\n<p><em>Ressaltamos que \u00e9 uma decis\u00e3o totalmente contr\u00e1ria aos fatos j\u00e1 esclarecidos pela defesa do cantor e que n\u00e3o ser\u00e3o medidos esfor\u00e7os para combater juridicamente uma decis\u00e3o injusta e sem fundamentos legais.<\/em>\n<\/p>\n<p><em>A inoc\u00eancia do artista ser\u00e1 devidamente demonstrada, pois acreditamos na Justi\u00e7a brasileira. O cantor Gusttavo Lima jamais seria conivente com qualquer fato contr\u00e1rio ao ordenamento de nosso pa\u00eds e n\u00e3o h\u00e1 qualquer envolvimento dele ou de suas empresas com o objeto da opera\u00e7\u00e3o deflagrada pela pol\u00edcia pernambucana.<\/em>\n<\/p>\n<p><em>Por fim, esclarecemos que os autos tramitam em segredo de Justi\u00e7a e que qualquer viola\u00e7\u00e3o ao referido instituto ser\u00e1 objeto e repara\u00e7\u00e3o e responsabiliza\u00e7\u00e3o aos infratores\u201d.<\/em>\n<\/p>\n<p><strong>Gusttavo Lima tem pris\u00e3o decretada por ajudar foragidos, diz ju\u00edza<\/strong><br \/>A Justi\u00e7a de Pernambuco decretou, na tarde desta segunda-feira (23\/9), a pris\u00e3o de Gusttavo Lima. O cantor est\u00e1 envolvido na mesma investiga\u00e7\u00e3o que levou Deolane Bezerra e sua m\u00e3e, Solange Bezerra, \u00e0 penitenci\u00e1ria. Segundo a magistrada respons\u00e1vel pelo caso, Gusttavo Lima teria ajudado dois suspeitos a deixar o Brasil.\n<\/p>\n<p>O mandado de pris\u00e3o preventiva foi expedido pela ju\u00edza Andrea Calado da Cruz, da 12\u00aa Vara Criminal do Recife. A decis\u00e3o foi tomada em meio \u00e0 Opera\u00e7\u00e3o Integrations, que investiga um esquema de lavagem de dinheiro.\n<\/p>\n<p>No documento, a ju\u00edza alega que o cantor teria protegido investigados na opera\u00e7\u00e3o.\n<\/p>\n<p>\u201c\u00c9 imperioso destacar que Nivaldo Batista Lima [nome verdadeiro de Gusttavo Lima], ao dar guarida a foragidos, demonstra uma alarmante falta de considera\u00e7\u00e3o pela Justi\u00e7a. Sua intensa rela\u00e7\u00e3o financeira com esses indiv\u00edduos, que inclui movimenta\u00e7\u00f5es suspeitas, levanta s\u00e9rias quest\u00f5es sobre sua pr\u00f3pria participa\u00e7\u00e3o em atividades criminosas. A conex\u00e3o de sua empresa com a rede de lavagem de dinheiro sugere um comprometimento que n\u00e3o pode ser ignorado\u201d, escreveu a ju\u00edza.\n<\/p>\n<p>A magistrada citou a viagem de Gusttavo Lima \u00e0 Gr\u00e9cia, onde apareceu em fotos com os investigados. Al\u00e9m disso, a aeronave que transportou o cantor poderia ter deixado os dois suspeitos no exterior.\n<\/p>\n<p>\u201cNa ida, a aeronave transportou Nivaldo Lima e o casal de investigados, seguindo o trajeto Goi\u00e2nia \u2013 Atenas \u2013 Kavala. No retorno, o percurso foi Kavala \u2013 Atenas \u2013 Ilhas Can\u00e1rias \u2013 Goi\u00e2nia, o que sugere que Jos\u00e9 Andr\u00e9 e Aislla possam ter desembarcado na Gr\u00e9cia ou nas Ilhas Can\u00e1rias, na Espanha. Esses ind\u00edcios refor\u00e7am a gravidade da situa\u00e7\u00e3o e a necessidade de uma investiga\u00e7\u00e3o minuciosa, evidenciando que a coniv\u00eancia de Nivaldo Batista Lima com foragidos n\u00e3o apenas compromete a integridade do sistema judicial, mas tamb\u00e9m perpetua a impunidade em um contexto de grave criminalidade\u201d, revela o texto.\n<\/p>\n<p>\u201c\u00c9 fundamental ressaltar que, independentemente de sua condi\u00e7\u00e3o financeira, ningu\u00e9m pode se furtar \u00e0 Justi\u00e7a. A riqueza n\u00e3o deve servir como um escudo para a impunidade, nem como um meio de escapar das responsabilidades legais. A aplica\u00e7\u00e3o da lei deve ser equ\u00e2nime, assegurando que todos, independentemente de sua posi\u00e7\u00e3o social ou econ\u00f4mica, respondam por suas a\u00e7\u00f5es. A tentativa de se eximir das consequ\u00eancias legais por meio de conex\u00f5es financeiras \u00e9 uma afronta aos princ\u00edpios fundamentais do Estado de Direito e \u00e0 pr\u00f3pria no\u00e7\u00e3o de justi\u00e7a\u201d, continua a magistrada.\n<\/p>\n<p>No \u00e2mbito da mesma investiga\u00e7\u00e3o, a influencer Deolane Bezerra foi presa. Ela segue detida na Col\u00f4nia Penal Feminina de Bu\u00edque, em Pernambuco, desde o dia 10 de setembro.\n<\/p>\n<p>Fonte: Metr\u00f3poles <\/p>\n<\/div>\n<p><br \/>\n<br \/><a href=\"https:\/\/diariodobrasilnoticias.com.br\/noticia\/confira-o-pronunciamento-de-gusttavo-lima-sobre-mandado-de-prisao-66f2b655a7c6e\">Source link <\/a><\/p>","protected":false},"excerpt":{"rendered":"<p>Com mandado de pris\u00e3o no Brasil, Gusttavo Lima viajou para Miami, nos Estados Unidos. A informa\u00e7\u00e3o foi publicada por Leo Dias, que afirmou ter conversado com o cantor por telefone.&hellip;<\/p>","protected":false},"author":1,"featured_media":41222,"comment_status":"closed","ping_status":"open","sticky":false,"template":"","format":"standard","meta":{"content-type":"","footnotes":""},"categories":[16],"tags":[123,2448,5313,1267],"class_list":["post-41221","post","type-post","status-publish","format-standard","has-post-thumbnail","hentry","category-noticias","tag-brasil","tag-diario","tag-noticia","tag-noticias"],"_links":{"self":[{"href":"https:\/\/tvbrazilusa.com\/pt\/wp-json\/wp\/v2\/posts\/41221","targetHints":{"allow":["GET"]}}],"collection":[{"href":"https:\/\/tvbrazilusa.com\/pt\/wp-json\/wp\/v2\/posts"}],"about":[{"href":"https:\/\/tvbrazilusa.com\/pt\/wp-json\/wp\/v2\/types\/post"}],"author":[{"embeddable":true,"href":"https:\/\/tvbrazilusa.com\/pt\/wp-json\/wp\/v2\/users\/1"}],"replies":[{"embeddable":true,"href":"https:\/\/tvbrazilusa.com\/pt\/wp-json\/wp\/v2\/comments?post=41221"}],"version-history":[{"count":1,"href":"https:\/\/tvbrazilusa.com\/pt\/wp-json\/wp\/v2\/posts\/41221\/revisions"}],"predecessor-version":[{"id":41223,"href":"https:\/\/tvbrazilusa.com\/pt\/wp-json\/wp\/v2\/posts\/41221\/revisions\/41223"}],"wp:featuredmedia":[{"embeddable":true,"href":"https:\/\/tvbrazilusa.com\/pt\/wp-json\/wp\/v2\/media\/41222"}],"wp:attachment":[{"href":"https:\/\/tvbrazilusa.com\/pt\/wp-json\/wp\/v2\/media?parent=41221"}],"wp:term":[{"taxonomy":"category","embeddable":true,"href":"https:\/\/tvbrazilusa.com\/pt\/wp-json\/wp\/v2\/categories?post=41221"},{"taxonomy":"post_tag","embeddable":true,"href":"https:\/\/tvbrazilusa.com\/pt\/wp-json\/wp\/v2\/tags?post=41221"}],"curies":[{"name":"wp","href":"https:\/\/api.w.org\/{rel}","templated":true}]}}