{"id":41232,"date":"2024-09-24T16:26:08","date_gmt":"2024-09-24T16:26:08","guid":{"rendered":"https:\/\/tvbrazilusa.com\/2024\/09\/24\/urgente-nome-de-gusttavo-lima-entra-na-lista-de-procurados-em-aeroportos-do-brasil\/"},"modified":"2024-09-24T16:26:09","modified_gmt":"2024-09-24T16:26:09","slug":"urgente-nome-de-gusttavo-lima-entra-na-lista-de-procurados-em-aeroportos-do-brasil","status":"publish","type":"post","link":"https:\/\/tvbrazilusa.com\/pt\/2024\/09\/24\/urgente-nome-de-gusttavo-lima-entra-na-lista-de-procurados-em-aeroportos-do-brasil\/","title":{"rendered":"URGENTE: Nome de Gusttavo Lima entra na lista de procurados em aeroportos do Brasil"},"content":{"rendered":"<p> <script async src=\"https:\/\/pagead2.googlesyndication.com\/pagead\/js\/adsbygoogle.js?client=ca-pub-8864793242727901\"\r\n     crossorigin=\"anonymous\"><\/script><br \/>\n<\/p>\n<div id=\"taboola-read-more\" style=\"display:block; width:100%\">\n<p>Ap\u00f3s ter a pris\u00e3o preventiva decretada pela Justi\u00e7a de Pernambuco, nessa segunda-feira (23\/9), a Pol\u00edcia Federal informou ao site Uol que o cantor Gusttavo Lima foi inclu\u00eddo no sistema de pessoas procuradas nos aeroportos brasileiros. Ou seja, caso o artista retorne ao Brasil, ser\u00e1 preso.\n<\/p>\n<p>Gusttavo Lima viajou com a fam\u00edlia a Miami (EUA), ap\u00f3s ir ao festival Rock in Rio, segundo informa\u00e7\u00f5es do jornalista Leo Dias. N\u00e3o se sabe ainda se o cantor viajou em seu jato particular. O sertanejo n\u00e3o teve o nome inclu\u00eddo na lista de difus\u00e3o vermelha da Interpol.<\/p>\n<p>A Justi\u00e7a de Pernambuco determinou a pris\u00e3o preventiva de Gusttavo Lima por suspeita de atrapalhar as investiga\u00e7\u00f5es relativas a uma m\u00e1fia ligada a bets, jogos de aposta on-line. A decis\u00e3o foi expedida pela ju\u00edza Andrea Calado da Cruz, do Tribunal de Justi\u00e7a de Pernambuco.\n<\/p>\n<p>Al\u00e9m disso, a ju\u00edza suspendeu o passaporte e um eventual porte de arma de fogo que o artista possa ter. A suspeita \u00e9 de que Gusttavo Lima facilitou a fuga de Jos\u00e9 Andr\u00e9 da Rocha Neto, dono da casa de apostas VaideBet, da qual o cantor \u00e9 s\u00f3cio, e de sua esposa Aislla Rocha.\n<\/p>\n<p><strong>Interpol<\/strong><br \/>Apesar da ordem de pris\u00e3o, o nome de Gusttavo Lima ainda n\u00e3o est\u00e1 na lista de difus\u00e3o vermelha da Interpol. As autoridades brasileiras notificaram a pol\u00edcia internacional sobre a ordem de pris\u00e3o, mas isso n\u00e3o autoriza agentes estrangeiros a prenderem o cantor.\n<\/p>\n<p>A defesa de Gusttavo Lima afirmou que o pedido de pris\u00e3o \u00e9 \u201cinjusto\u201d e que todas as medidas cab\u00edveis ser\u00e3o tomadas. Segundo eles:\n<\/p>\n<p>A decis\u00e3o \u00e9 totalmente contr\u00e1ria aos fatos j\u00e1 esclarecidos pela defesa do cantor.<br \/>N\u00e3o ser\u00e3o medidos esfor\u00e7os para combater juridicamente uma decis\u00e3o sem fundamentos legais.\n<\/p>\n<p><strong>A Viagem \u00e0 Gr\u00e9cia e as Alega\u00e7\u00f5es de Fuga<\/strong><br \/>O cantor, que viajou \u00e0 Gr\u00e9cia para comemorar seu anivers\u00e1rio no in\u00edcio de setembro, teria dado carona ao casal suspeito em seu jato particular. Este fato \u00e9 apontado como um dos elementos que motivaram a ordem de pris\u00e3o.\n<\/p>\n<p>Fonte: Terra Brasil Not\u00edcias <\/p>\n<\/div>\n<p><br \/>\n<br \/><a href=\"https:\/\/diariodobrasilnoticias.com.br\/noticia\/urgente-nome-de-gusttavo-lima-entra-na-lista-de-procurados-em-aeroportos-do-brasil-66f2c6686bd6e\">Source link <\/a><\/p>","protected":false},"excerpt":{"rendered":"<p>Ap\u00f3s ter a pris\u00e3o preventiva decretada pela Justi\u00e7a de Pernambuco, nessa segunda-feira (23\/9), a Pol\u00edcia Federal informou ao site Uol que o cantor Gusttavo Lima foi inclu\u00eddo no sistema de&hellip;<\/p>","protected":false},"author":1,"featured_media":41233,"comment_status":"closed","ping_status":"open","sticky":false,"template":"","format":"standard","meta":{"content-type":"","footnotes":""},"categories":[16],"tags":[123,2448,5313,1267],"class_list":["post-41232","post","type-post","status-publish","format-standard","has-post-thumbnail","hentry","category-noticias","tag-brasil","tag-diario","tag-noticia","tag-noticias"],"_links":{"self":[{"href":"https:\/\/tvbrazilusa.com\/pt\/wp-json\/wp\/v2\/posts\/41232","targetHints":{"allow":["GET"]}}],"collection":[{"href":"https:\/\/tvbrazilusa.com\/pt\/wp-json\/wp\/v2\/posts"}],"about":[{"href":"https:\/\/tvbrazilusa.com\/pt\/wp-json\/wp\/v2\/types\/post"}],"author":[{"embeddable":true,"href":"https:\/\/tvbrazilusa.com\/pt\/wp-json\/wp\/v2\/users\/1"}],"replies":[{"embeddable":true,"href":"https:\/\/tvbrazilusa.com\/pt\/wp-json\/wp\/v2\/comments?post=41232"}],"version-history":[{"count":1,"href":"https:\/\/tvbrazilusa.com\/pt\/wp-json\/wp\/v2\/posts\/41232\/revisions"}],"predecessor-version":[{"id":41234,"href":"https:\/\/tvbrazilusa.com\/pt\/wp-json\/wp\/v2\/posts\/41232\/revisions\/41234"}],"wp:featuredmedia":[{"embeddable":true,"href":"https:\/\/tvbrazilusa.com\/pt\/wp-json\/wp\/v2\/media\/41233"}],"wp:attachment":[{"href":"https:\/\/tvbrazilusa.com\/pt\/wp-json\/wp\/v2\/media?parent=41232"}],"wp:term":[{"taxonomy":"category","embeddable":true,"href":"https:\/\/tvbrazilusa.com\/pt\/wp-json\/wp\/v2\/categories?post=41232"},{"taxonomy":"post_tag","embeddable":true,"href":"https:\/\/tvbrazilusa.com\/pt\/wp-json\/wp\/v2\/tags?post=41232"}],"curies":[{"name":"wp","href":"https:\/\/api.w.org\/{rel}","templated":true}]}}