{"id":41244,"date":"2024-09-24T16:54:59","date_gmt":"2024-09-24T16:54:59","guid":{"rendered":"https:\/\/tvbrazilusa.com\/2024\/09\/24\/opiniao-simposio-das-grandes-cidades-e-uma-chance-para-jax-aprender-com-o-lider-nacional-jacksonville-today\/"},"modified":"2024-09-24T17:02:14","modified_gmt":"2024-09-24T17:02:14","slug":"opiniao-simposio-das-grandes-cidades-e-uma-chance-para-jax-aprender-com-o-lider-nacional-jacksonville-today","status":"publish","type":"post","link":"https:\/\/tvbrazilusa.com\/pt\/2024\/09\/24\/opiniao-simposio-das-grandes-cidades-e-uma-chance-para-jax-aprender-com-o-lider-nacional-jacksonville-today\/","title":{"rendered":"OPINI\u00c3O | Simp\u00f3sio das Grandes Cidades \u00e9 uma chance para Jax aprender com o l\u00edder nacional &#8211; Jacksonville Today"},"content":{"rendered":"<p> <script async src=\"https:\/\/pagead2.googlesyndication.com\/pagead\/js\/adsbygoogle.js?client=ca-pub-8864793242727901\"\r\n     crossorigin=\"anonymous\"><\/script><br \/>\n<\/p>\n<div>\n<p>Desde 2019, o Great Cities Symposium traz l\u00edderes c\u00edvicos e empresariais not\u00e1veis \u200b\u200bde cidades semelhantes para Jacksonville para compartilhar sua experi\u00eancia e conhecimento liderando melhorias em suas respectivas cidades. Essa tradi\u00e7\u00e3o continua este ano com Carol Coletta como palestrante em destaque no Great Cities Symposium de 2024, marcado para 10 de outubro no Garden Club de Jacksonville. <\/p>\n<p>Coletta \u00e9 reconhecida como l\u00edder nacional em desenvolvimento urbano, melhoria de espa\u00e7os p\u00fablicos e engajamento comunit\u00e1rio. Com um profundo entendimento da din\u00e2mica intrincada entre design urbano, cultura e pol\u00edtica p\u00fablica, ela passou sua carreira melhorando cidades e criando espa\u00e7os que fomentam vitalidade econ\u00f4mica e identidade comunit\u00e1ria. Em 2023, Coletta foi nomeada uma das 100 inovadoras urbanas mais influentes da hist\u00f3ria. &#8220;Se Carol est\u00e1 fazendo isso, voc\u00ea est\u00e1 fazendo algo de vanguarda absoluta&#8221;, diz Richard Florida sobre o trabalho de Coletta em cidades dos EUA. <a href=\"https:\/\/www.scenicjax.org\/great-cities-symposium-2024\/\" rel=\"nofollow noopener\" target=\"_blank\">Compre ingressos para participar do Simp\u00f3sio das Grandes Cidades aqui<strong>.<\/strong><\/a> <\/p>\n<p>Coletta atua como presidente e CEO da Memphis River Parks Partnership desde 2017, uma parceria p\u00fablico-privada respons\u00e1vel por 5 milhas de propriedade p\u00fablica ao longo do Rio Mississippi no centro de Memphis, Tennessee. Em 2023, a cidade de Memphis e a parceria celebraram a inaugura\u00e7\u00e3o do Tom Lee Park, um parque ribeirinho de mais de 30 acres recentemente transformado ao longo do Rio Mississippi. Projetado pelo Studio Gang e SCAPE, com envolvimento substancial da comunidade e planejamento conceitual, o parque \u00e9 a pe\u00e7a central da orla ribeirinha da cidade e um modelo nacional para parques urbanos bem projetados, acolhedores e ecologicamente restauradores. <\/p>\n<p>Al\u00e9m do parque ic\u00f4nico, Coletta supervisionou o desenvolvimento da River Line, uma trilha de 4 milhas para bicicletas e pedestres na orla do rio que se conecta a um sistema mais amplo de trilhas na regi\u00e3o. Em agosto de 2024, Coletta anunciou que deixar\u00e1 essa fun\u00e7\u00e3o em breve, tendo conclu\u00eddo quatro grandes projetos em apenas seis anos. <\/p>\n<p>Antes de seu trabalho na orla de Memphis, Coletta atuou em posi\u00e7\u00f5es de lideran\u00e7a na Kresge Foundation e na John S. and James L. Knight Foundation. Na Kresge, ela liderou uma colabora\u00e7\u00e3o de mais de US$ 50 milh\u00f5es de funda\u00e7\u00f5es nacionais e locais, organiza\u00e7\u00f5es sem fins lucrativos locais e governos para reimaginar os bens comuns c\u00edvicos em cinco cidades. Foi a primeira demonstra\u00e7\u00e3o abrangente de como um conjunto conectado de ativos c\u00edvicos \u2013 um \u201cbens comuns c\u00edvicos\u201d \u2013 pode gerar prosperidade aumentada e mais amplamente compartilhada para cidades e bairros. Na Knight, ela administrou um portf\u00f3lio de mais de US$ 60 milh\u00f5es anualmente em subs\u00eddios e uma equipe de 18 em 26 comunidades para impulsionar o sucesso nas cidades, incluindo a investiga\u00e7\u00e3o sobre o valor da integra\u00e7\u00e3o econ\u00f4mica nas cidades americanas e como alcan\u00e7\u00e1-la.<\/p>\n<figure class=\"wp-block-image\"><\/figure>\n<p>Coletta tamb\u00e9m liderou a start-up de dois anos da ArtPlace, uma colabora\u00e7\u00e3o p\u00fablico-privada \u00fanica para acelerar a cria\u00e7\u00e3o criativa de lugares em comunidades por todo o pa\u00eds. Sob sua lideran\u00e7a, a ArtPlace se concentrou em integrar artes e cultura ao tecido do planejamento e desenvolvimento comunit\u00e1rio. Coletta foi fundamental na promo\u00e7\u00e3o de projetos que transformaram bairros e promoveram um senso de pertencimento. \u201cA vis\u00e3o de Carol para espa\u00e7os p\u00fablicos vai al\u00e9m da est\u00e9tica; \u00e9 sobre criar ambientes que aprimoram a experi\u00eancia humana\u201d, diz John Eger, uma figura proeminente no campo das comunica\u00e7\u00f5es e pol\u00edticas p\u00fablicas.<\/p>\n<p>No in\u00edcio de sua carreira hist\u00f3rica, Coletta atuou como presidente e CEO da CEOs for Cities. L\u00e1, ela reuniu l\u00edderes de v\u00e1rios setores para colaborar em solu\u00e7\u00f5es que abordassem desafios urbanos urgentes. Seu trabalho enfatizou a necessidade de tomada de decis\u00e3o baseada em dados na pol\u00edtica urbana e a import\u00e2ncia do engajamento c\u00edvico na promo\u00e7\u00e3o de cidades pr\u00f3speras. Coletta tamb\u00e9m atuou como diretora executiva do Mayors&#8217; Institute on City Design, uma parceria do National Endowment for the Arts, US Conference of Mayors e American Architectural Foundation. Enquanto liderava o Instituto, ela ajudou os l\u00edderes da cidade a entender o valor do design thinking no enfrentamento de desafios urbanos. <\/p>\n<p>Nem \u00e9 preciso dizer que Coletta tem uma riqueza de conhecimento para compartilhar com os l\u00edderes da cidade, empresas e organiza\u00e7\u00f5es sem fins lucrativos de Jacksonville, junto com o Jaxson m\u00e9dio que est\u00e1 simplesmente interessado em ver uma Jacksonville melhor. A noite inclui drinques, aperitivos e perguntas e respostas. O programa anual \u00e9 organizado pela Scenic Jacksonville, uma organiza\u00e7\u00e3o sem fins lucrativos apartid\u00e1ria dedicada a preservar e melhorar o ambiente natural e constru\u00eddo de Jacksonville. <a href=\"http:\/\/scenicjacksonville.org\" rel=\"nofollow noopener\" target=\"_blank\"><strong>Ver detalhes do evento<\/strong><\/a>.<\/p>\n<\/div>\n<p><br \/>\n<br \/><a href=\"https:\/\/jaxtoday.org\/2024\/09\/24\/opinion-great-cities-symposium-a-chance-for-jax-to-learn-from-national-leader\/\">Source link <\/a><\/p>","protected":false},"excerpt":{"rendered":"<p>Desde 2019, o Great Cities Symposium traz l\u00edderes c\u00edvicos e empresariais not\u00e1veis \u200b\u200bde cidades semelhantes para Jacksonville para compartilhar sua experi\u00eancia e conhecimento liderando melhorias em suas respectivas cidades. Essa&hellip;<\/p>","protected":false},"author":1,"featured_media":41245,"comment_status":"closed","ping_status":"open","sticky":false,"template":"","format":"standard","meta":{"content-type":"","footnotes":""},"categories":[1],"tags":[],"class_list":["post-41244","post","type-post","status-publish","format-standard","has-post-thumbnail","hentry","category-uncategorized"],"_links":{"self":[{"href":"https:\/\/tvbrazilusa.com\/pt\/wp-json\/wp\/v2\/posts\/41244","targetHints":{"allow":["GET"]}}],"collection":[{"href":"https:\/\/tvbrazilusa.com\/pt\/wp-json\/wp\/v2\/posts"}],"about":[{"href":"https:\/\/tvbrazilusa.com\/pt\/wp-json\/wp\/v2\/types\/post"}],"author":[{"embeddable":true,"href":"https:\/\/tvbrazilusa.com\/pt\/wp-json\/wp\/v2\/users\/1"}],"replies":[{"embeddable":true,"href":"https:\/\/tvbrazilusa.com\/pt\/wp-json\/wp\/v2\/comments?post=41244"}],"version-history":[{"count":1,"href":"https:\/\/tvbrazilusa.com\/pt\/wp-json\/wp\/v2\/posts\/41244\/revisions"}],"predecessor-version":[{"id":41246,"href":"https:\/\/tvbrazilusa.com\/pt\/wp-json\/wp\/v2\/posts\/41244\/revisions\/41246"}],"wp:featuredmedia":[{"embeddable":true,"href":"https:\/\/tvbrazilusa.com\/pt\/wp-json\/wp\/v2\/media\/41245"}],"wp:attachment":[{"href":"https:\/\/tvbrazilusa.com\/pt\/wp-json\/wp\/v2\/media?parent=41244"}],"wp:term":[{"taxonomy":"category","embeddable":true,"href":"https:\/\/tvbrazilusa.com\/pt\/wp-json\/wp\/v2\/categories?post=41244"},{"taxonomy":"post_tag","embeddable":true,"href":"https:\/\/tvbrazilusa.com\/pt\/wp-json\/wp\/v2\/tags?post=41244"}],"curies":[{"name":"wp","href":"https:\/\/api.w.org\/{rel}","templated":true}]}}