{"id":41271,"date":"2024-09-24T18:02:24","date_gmt":"2024-09-24T18:02:24","guid":{"rendered":"https:\/\/tvbrazilusa.com\/2024\/09\/24\/gusttavo-lima-ja-tem-4-pedidos-protocolados-para-impedir-prisao-paulo-figueiredo\/"},"modified":"2024-09-24T18:03:09","modified_gmt":"2024-09-24T18:03:09","slug":"gusttavo-lima-ja-tem-4-pedidos-protocolados-para-impedir-prisao-paulo-figueiredo","status":"publish","type":"post","link":"https:\/\/tvbrazilusa.com\/pt\/2024\/09\/24\/gusttavo-lima-ja-tem-4-pedidos-protocolados-para-impedir-prisao-paulo-figueiredo\/","title":{"rendered":"Gusttavo Lima j\u00e1 tem 4 pedidos protocolados para impedir pris\u00e3o &#8211; Paulo Figueiredo"},"content":{"rendered":"<p> <script async src=\"https:\/\/pagead2.googlesyndication.com\/pagead\/js\/adsbygoogle.js?client=ca-pub-8864793242727901\"\r\n     crossorigin=\"anonymous\"><\/script><br \/>\n<\/p>\n<div id=\"wtr-content\" data-bg=\"#FFFFFF\" data-fg=\"#006d91\" data-width=\"25\" data-mute=\"1\" data-fgopacity=\"1.00\" data-mutedopacity=\"0.5\" data-placement=\"bottom\" data-placement-offset=\"0\" data-content-offset=\"262\" data-placement-touch=\"bottom\" data-placement-offset-touch=\"0\" data-transparent=\"\" data-shadow=\"0\" data-touch=\"1\" data-non-touch=\"1\" data-comments=\"0\" data-commentsbg=\"transparent\" data-location=\"page\" data-mutedfg=\"#006d91\" data-endfg=\"#006d91\" data-rtl=\"\">\n<h3 class=\"wp-block-heading\">Solicita\u00e7\u00f5es foram registradas no Tribunal de Justi\u00e7a de Pernambuco e ser\u00e3o analisadas pelo desembargador Eduardo Guilliod Maranh\u00e3o<\/h3>\n<p>O cantor sertanejo Gusttavo Lima j\u00e1 tem 4 pedidos de\u00a0<em>habeas corpus<\/em>\u00a0protocolados no Tribunal de Justi\u00e7a de Pernambuco at\u00e9 a manh\u00e3 desta 3\u00aa feira (24.set.2024). Caso uma das solicita\u00e7\u00f5es sejam aceitas, o\u00a0decreto de pris\u00e3o preventiva\u00a0expedido contra o artista ser\u00e1 revogada.<\/p>\n<p>Os pedidos ser\u00e3o analisados pelo desembargador\u00a0Eduardo Guilliod Maranh\u00e3o, que\u00a0mandou soltar\u00a0a influenciadora Deolane Bezerra e outros 17 presos da opera\u00e7\u00e3o Integration, que investiga um suposto esquema de lavagem de dinheiro em casas de apostas.<\/p>\n<p>Gusttavo viajou para os EUA antes do decreto de pris\u00e3o. Os advogados tentam evitar que a pris\u00e3o seja concretizada. Eis os pedidos j\u00e1 protocolados:<\/p>\n<div class=\"wp-block-image\">\n<figure class=\"aligncenter size-large\"><\/figure>\n<\/div>\n<p>O principal argumento dos advogados de Gusttavo \u00e9 o mesmo que motivou a soltura de Deolane: que a devolu\u00e7\u00e3o do processo feita pelo MPPE (Minist\u00e9rio P\u00fablico de Pernambuco) indicaria fragilidade nas provas para pris\u00e3o. O \u00f3rg\u00e3o devolveu o inqu\u00e9rito \u00e0 Pol\u00edcia Civil de Pernambuco e solicitou novas dilig\u00eancias.<\/p>\n<p>A empresa do cantor sertanejo (Balada Eventos e Produ\u00e7\u00f5es) \u00e9 citada como investigada por fraude financeira e lavagem de dinheiro. Como ele est\u00e1 nos EUA, a Pol\u00edcia Civil\u00a0notificou\u00a0a Interpol sobre a exist\u00eancia do mandado de pris\u00e3o contra o cantor.<\/p>\n<p>A mulher de\u00a0Gusttavo Lima,\u00a0Andressa Suita, publicou um vers\u00edculo b\u00edblico nos stories do Instagram depois de o cantor\u00a0ter a\u00a0pris\u00e3o preventiva decretada.<\/p>\n<h3 class=\"wp-block-heading\">RELA\u00c7\u00c3O COM INVESTIGADOS<\/h3>\n<p>Entre os alvos da megaopera\u00e7\u00e3o deflagrada no in\u00edcio de setembro estavam Jo\u00e3o Andr\u00e9 da Rocha e Aislla Sabrina Truta, propriet\u00e1rios de uma holding chamada Bets Sports Group, que integra a VaideBet.<\/p>\n<p>Jos\u00e9 esteve no\u00a0anivers\u00e1rio de 35 anos do cantor sertanejo\u00a0em 3 de setembro, em um iate luxuoso em Mykonos, ilha na Gr\u00e9cia. A celebra\u00e7\u00e3o contou com a presen\u00e7a de outros artistas e tamb\u00e9m do ministro Nunes Marques, do STF (Supremo Tribunal Federal).<\/p>\n<p><strong><a href=\"https:\/\/www.poder360.com.br\/poder-justica\/gusttavo-lima-ja-tem-4-pedidos-protocolados-para-impedir-prisao\/\">Source link<\/a><\/strong><\/p>\n<\/div>\n<p><br \/>\n<br \/><a href=\"https:\/\/paulofigueiredoshow.com\/gusttavo-lima-ja-tem-4-pedidos-protocolados-para-impedir-prisao\/\">Source link <\/a><\/p>","protected":false},"excerpt":{"rendered":"<p>Solicita\u00e7\u00f5es foram registradas no Tribunal de Justi\u00e7a de Pernambuco e ser\u00e3o analisadas pelo desembargador Eduardo Guilliod Maranh\u00e3o O cantor sertanejo Gusttavo Lima j\u00e1 tem 4 pedidos de\u00a0habeas corpus\u00a0protocolados no Tribunal&hellip;<\/p>","protected":false},"author":1,"featured_media":41272,"comment_status":"closed","ping_status":"open","sticky":false,"template":"","format":"standard","meta":{"content-type":"","footnotes":""},"categories":[16],"tags":[1992,22405,4460,701],"class_list":["post-41271","post","type-post","status-publish","format-standard","has-post-thumbnail","hentry","category-noticias","tag-de","tag-gusttavo-lima","tag-ordem","tag-prisao"],"_links":{"self":[{"href":"https:\/\/tvbrazilusa.com\/pt\/wp-json\/wp\/v2\/posts\/41271","targetHints":{"allow":["GET"]}}],"collection":[{"href":"https:\/\/tvbrazilusa.com\/pt\/wp-json\/wp\/v2\/posts"}],"about":[{"href":"https:\/\/tvbrazilusa.com\/pt\/wp-json\/wp\/v2\/types\/post"}],"author":[{"embeddable":true,"href":"https:\/\/tvbrazilusa.com\/pt\/wp-json\/wp\/v2\/users\/1"}],"replies":[{"embeddable":true,"href":"https:\/\/tvbrazilusa.com\/pt\/wp-json\/wp\/v2\/comments?post=41271"}],"version-history":[{"count":1,"href":"https:\/\/tvbrazilusa.com\/pt\/wp-json\/wp\/v2\/posts\/41271\/revisions"}],"predecessor-version":[{"id":41273,"href":"https:\/\/tvbrazilusa.com\/pt\/wp-json\/wp\/v2\/posts\/41271\/revisions\/41273"}],"wp:featuredmedia":[{"embeddable":true,"href":"https:\/\/tvbrazilusa.com\/pt\/wp-json\/wp\/v2\/media\/41272"}],"wp:attachment":[{"href":"https:\/\/tvbrazilusa.com\/pt\/wp-json\/wp\/v2\/media?parent=41271"}],"wp:term":[{"taxonomy":"category","embeddable":true,"href":"https:\/\/tvbrazilusa.com\/pt\/wp-json\/wp\/v2\/categories?post=41271"},{"taxonomy":"post_tag","embeddable":true,"href":"https:\/\/tvbrazilusa.com\/pt\/wp-json\/wp\/v2\/tags?post=41271"}],"curies":[{"name":"wp","href":"https:\/\/api.w.org\/{rel}","templated":true}]}}