{"id":41276,"date":"2024-09-24T18:14:14","date_gmt":"2024-09-24T18:14:14","guid":{"rendered":"https:\/\/tvbrazilusa.com\/2024\/09\/24\/reuniao-de-lula-com-a-shell-cria-tensao-no-governo\/"},"modified":"2024-09-24T18:14:15","modified_gmt":"2024-09-24T18:14:15","slug":"reuniao-de-lula-com-a-shell-cria-tensao-no-governo","status":"publish","type":"post","link":"https:\/\/tvbrazilusa.com\/pt\/2024\/09\/24\/reuniao-de-lula-com-a-shell-cria-tensao-no-governo\/","title":{"rendered":"Reuni\u00e3o de Lula com a Shell cria tens\u00e3o no governo"},"content":{"rendered":"<p> <script async src=\"https:\/\/pagead2.googlesyndication.com\/pagead\/js\/adsbygoogle.js?client=ca-pub-8864793242727901\"\r\n     crossorigin=\"anonymous\"><\/script><br \/>\n<\/p>\n<div id=\"taboola-read-more\" style=\"display:block; width:100%\">\n<p>A reuni\u00e3o do presidente Luiz In\u00e1cio Lula da Silva (PT) com o CEO global da Shell, Wael Sawan, em Nova York (EUA), causou mal-estar no governo por ter sido entendida internamente como contr\u00e1ria \u00e0 \u201cagenda verde\u201d que o petista pretendia levar ao pa\u00eds.\n<\/p>\n<p>O encontro foi realizado na manh\u00e3 desta 2\u00aa feira (23.set.2024) na resid\u00eancia oficial da representa\u00e7\u00e3o do Brasil junto \u00e0 ONU (Organiza\u00e7\u00e3o das Na\u00e7\u00f5es Unidas) nos Estados Unidos. N\u00e3o estava nos compromissos oficiais e n\u00e3o foi inclu\u00eddo mesmo depois de o Minist\u00e9rio da Fazenda ter confirmado a reuni\u00e3o.<\/p>\n<p>Segundo o Poder360 apurou, integrantes do governo tentaram obter informa\u00e7\u00f5es sobre a reuni\u00e3o, mas o assunto sobre que foi tratado est\u00e1 sendo mantido em reserva aos que participaram do encontro. Participaram:\n<\/p>\n<ul>\n<li>Cristiano Pinto da Costa \u2013 presidente da Shell Brasil;<\/li>\n<li>Fernando Haddad \u2013 ministro da Fazenda;<\/li>\n<li>Mauro Vieira \u2013 ministro de Rela\u00e7\u00f5es Exteriores;<\/li>\n<li>Celso Amorim \u2013 assessor especial da Presid\u00eancia da Rep\u00fablica;<\/li>\n<li>S\u00e9rgio Danese \u2013 representante permanente do Brasil junto \u00e0s Na\u00e7\u00f5es Unidas;<\/li>\n<li>Audo Faleiro \u2013 assessor adjunto da Presid\u00eancia da Rep\u00fablica.<\/li>\n<\/ul>\n<p>Lula est\u00e1 em Nova York para participar da 79\u00aa Assembleia Geral da ONU, que ser\u00e1 aberta na 3\u00aa feira (24.set). Em seu discurso, o presidente deve refor\u00e7ar a cobran\u00e7a aos pa\u00edses mais ricos por financiamento para a preserva\u00e7\u00e3o ambiental e transi\u00e7\u00e3o energ\u00e9tica. Dir\u00e1 que a situa\u00e7\u00e3o no Brasil \u00e9 consequ\u00eancia da crise clim\u00e1tica pela qual o planeta passa e que todos t\u00eam responsabilidade.\n<\/p>\n<p>Haddad o acompanha e participa tamb\u00e9m da Semana do Clima, realizada na cidade norte-americana. A participa\u00e7\u00e3o \u00e9 vista como necess\u00e1ria pela equipe econ\u00f4mica para atrair recursos, principalmente depois que o pelo Fed (Federal Reserve, o Banco Central norte-americano) cortou os juros em 18 de setembro, abrindo possibilidades de investimento no Brasil.\n<\/p>\n<p>Aos investidores, Haddad tem apresentado possibilidades de desenvolvimento do pa\u00eds na parte ecol\u00f3gica. A Semana do Clima re\u00fane executivos estrangeiros que aportam recursos na economia verde. Haddad tem dito desde o in\u00edcio do governo Lula que o Brasil tem potencial para ser a principal na\u00e7\u00e3o porta-voz do desenvolvimento sustent\u00e1vel no mundo.\n<\/p>\n<p>O ministro ter\u00e1 o desafio de mostrar aos CEOs e outros executivos que o Brasil, al\u00e9m de organizar a COP (Confer\u00eancia das Na\u00e7\u00f5es Unidas sobre as Mudan\u00e7as Clim\u00e1ticas) de 2025, em Bel\u00e9m (PA), quer implementar o Plano de Transforma\u00e7\u00e3o Ecol\u00f3gica para o mundo. Entre os temas est\u00e3o o mercado de carbono, a taxonomia, o TFFF e outras medidas.\n<\/p>\n<p>Fonte: Poder 360 <\/p>\n<\/div>\n<p><br \/>\n<br \/><a href=\"https:\/\/diariodobrasilnoticias.com.br\/noticia\/reuniao-de-lula-com-a-shell-cria-tensao-no-governo-66f2d73679ac8\">Source link <\/a><\/p>","protected":false},"excerpt":{"rendered":"<p>A reuni\u00e3o do presidente Luiz In\u00e1cio Lula da Silva (PT) com o CEO global da Shell, Wael Sawan, em Nova York (EUA), causou mal-estar no governo por ter sido entendida&hellip;<\/p>","protected":false},"author":1,"featured_media":41277,"comment_status":"closed","ping_status":"open","sticky":false,"template":"","format":"standard","meta":{"content-type":"","footnotes":""},"categories":[16],"tags":[123,2448,5313,1267],"class_list":["post-41276","post","type-post","status-publish","format-standard","has-post-thumbnail","hentry","category-noticias","tag-brasil","tag-diario","tag-noticia","tag-noticias"],"_links":{"self":[{"href":"https:\/\/tvbrazilusa.com\/pt\/wp-json\/wp\/v2\/posts\/41276","targetHints":{"allow":["GET"]}}],"collection":[{"href":"https:\/\/tvbrazilusa.com\/pt\/wp-json\/wp\/v2\/posts"}],"about":[{"href":"https:\/\/tvbrazilusa.com\/pt\/wp-json\/wp\/v2\/types\/post"}],"author":[{"embeddable":true,"href":"https:\/\/tvbrazilusa.com\/pt\/wp-json\/wp\/v2\/users\/1"}],"replies":[{"embeddable":true,"href":"https:\/\/tvbrazilusa.com\/pt\/wp-json\/wp\/v2\/comments?post=41276"}],"version-history":[{"count":1,"href":"https:\/\/tvbrazilusa.com\/pt\/wp-json\/wp\/v2\/posts\/41276\/revisions"}],"predecessor-version":[{"id":41278,"href":"https:\/\/tvbrazilusa.com\/pt\/wp-json\/wp\/v2\/posts\/41276\/revisions\/41278"}],"wp:featuredmedia":[{"embeddable":true,"href":"https:\/\/tvbrazilusa.com\/pt\/wp-json\/wp\/v2\/media\/41277"}],"wp:attachment":[{"href":"https:\/\/tvbrazilusa.com\/pt\/wp-json\/wp\/v2\/media?parent=41276"}],"wp:term":[{"taxonomy":"category","embeddable":true,"href":"https:\/\/tvbrazilusa.com\/pt\/wp-json\/wp\/v2\/categories?post=41276"},{"taxonomy":"post_tag","embeddable":true,"href":"https:\/\/tvbrazilusa.com\/pt\/wp-json\/wp\/v2\/tags?post=41276"}],"curies":[{"name":"wp","href":"https:\/\/api.w.org\/{rel}","templated":true}]}}