{"id":41290,"date":"2024-09-24T18:09:30","date_gmt":"2024-09-24T18:09:30","guid":{"rendered":"https:\/\/tvbrazilusa.com\/2024\/09\/24\/executivos-esperam-reativacao-do-x-nos-proximos-dias-e-serao-mais-ageis-para-atender-moraes-paulo-figueiredo\/"},"modified":"2024-09-24T18:54:48","modified_gmt":"2024-09-24T18:54:48","slug":"executivos-esperam-reativacao-do-x-nos-proximos-dias-e-serao-mais-ageis-para-atender-moraes-paulo-figueiredo","status":"publish","type":"post","link":"https:\/\/tvbrazilusa.com\/pt\/2024\/09\/24\/executivos-esperam-reativacao-do-x-nos-proximos-dias-e-serao-mais-ageis-para-atender-moraes-paulo-figueiredo\/","title":{"rendered":"Executivos esperam reativa\u00e7\u00e3o do X \u201cnos pr\u00f3ximos dias\u201d e ser\u00e3o mais \u00e1geis para atender Moraes &#8211; Paulo Figueiredo"},"content":{"rendered":"<p> <script async src=\"https:\/\/pagead2.googlesyndication.com\/pagead\/js\/adsbygoogle.js?client=ca-pub-8864793242727901\"\r\n     crossorigin=\"anonymous\"><\/script><br \/>\n<\/p>\n<div id=\"wtr-content\" data-bg=\"#FFFFFF\" data-fg=\"#006d91\" data-width=\"25\" data-mute=\"1\" data-fgopacity=\"1.00\" data-mutedopacity=\"0.5\" data-placement=\"bottom\" data-placement-offset=\"0\" data-content-offset=\"262\" data-placement-touch=\"bottom\" data-placement-offset-touch=\"0\" data-transparent=\"\" data-shadow=\"0\" data-touch=\"1\" data-non-touch=\"1\" data-comments=\"0\" data-commentsbg=\"transparent\" data-location=\"page\" data-mutedfg=\"#006d91\" data-endfg=\"#006d91\" data-rtl=\"\">\n<h3 class=\"wp-block-heading\">Com nomea\u00e7\u00e3o de advogados e representante legal, empresa dever\u00e1 ser mais \u00e1gil e prestativa para receber ordens de Alexandre de Moraes.<\/h3>\n<p>Executivos da rede social X trabalham para que a plataforma volte a ficar dispon\u00edvel para os usu\u00e1rios brasileiros \u201cnos pr\u00f3ximos dias\u201d, possivelmente ainda durante essa semana. Foi o que disse \u00e0\u00a0<strong>Gazeta do Povo<\/strong>\u00a0uma fonte ligada \u00e0 empresa, que est\u00e1 em processo de reabertura no Brasil. Ainda nesta semana, advogados que trabalham no caso devem apresentar ao Supremo Tribunal Federal (STF) <strong>todos os documentos exigidos pelo ministro Alexandre de Moraes, que bloqueou a rede social em agosto.<\/strong><\/p>\n<p>Com isso, estar\u00e3o preenchidas as tr\u00eas condi\u00e7\u00f5es impostas pelo ministro para a reativa\u00e7\u00e3o da plataforma no pa\u00eds: o\u00a0pagamento da multa de R$ 18,3 milh\u00f5es, por descumprimento de ordens de suspens\u00e3o de perfis; a\u00a0efetiva suspens\u00e3o desses perfis; bem como a\u00a0constitui\u00e7\u00e3o de uma representa\u00e7\u00e3o legal, cuja finalidade ser\u00e1 receber ordens de Moraes e da Justi\u00e7a em geral.<\/p>\n<p>A libera\u00e7\u00e3o do X, de qualquer modo, s\u00f3 ser\u00e1 poss\u00edvel a partir de uma nova decis\u00e3o do ministro.<\/p>\n<p>Na semana passada, o X informou a Moraes os nomes dos advogados que responderiam pela empresa no Brasil em processos judiciais, mas ele exigiu a nomea\u00e7\u00e3o de um representante com \u201camplos poderes\u201d, concedidos pelos executivos globais da companhia, e que pudesse inclusive constituir novos advogados e respondesse pela empresa.\u00a0Foi designada a advogada Rachel de Oliveira Villa Nova Concei\u00e7\u00e3o, que j\u00e1 atuou em nome da X no Brasil.<\/p>\n<h3 class=\"wp-block-heading\">Nomea\u00e7\u00e3o de advogados \u00e9 vista como disposi\u00e7\u00e3o do X para cumprir ordens de Moraes<\/h3>\n<p>A nomea\u00e7\u00e3o dela e de outros advogados \u2013 que integram dois importantes escrit\u00f3rios de advocacia no pa\u00eds, Pinheiro Neto e Sergio Bermudes, com experi\u00eancia na defesa de grandes empresas \u2013 \u00e9 percebida, dentro do pr\u00f3prio STF, como demonstra\u00e7\u00e3o da disposi\u00e7\u00e3o da empresa em atender de forma mais \u00e1gil e assertiva as ordens de Moraes.<\/p>\n<p>O bloqueio da rede social, no fim de agosto, foi resultado tamb\u00e9m da dificuldade de oficiais de Justi\u00e7a do STF para intimar os representantes da empresa no Brasil sobre as ordens do ministro, somada \u00e0 percep\u00e7\u00e3o de que havia uma determina\u00e7\u00e3o deliberada em descumprir as decis\u00f5es, expressa pelo pr\u00f3prio dono da plataforma, Elon Musk, que se tornou um \u00e1cido e cr\u00edtico opositor de Moraes.<\/p>\n<p>Essa postura do X causou irrita\u00e7\u00e3o em Moraes e rep\u00fadio dos demais ministros, que enxergaram nela uma afronta \u00e0 mais alta Corte do pa\u00eds, e portanto, ao Judici\u00e1rio como um todo. A postura deve mudar, segundo a fonte ouvida pela reportagem. A ideia \u00e9 receber as determina\u00e7\u00f5es judiciais e nunca ignor\u00e1-las, mas sem deixar de recorrer, \u201cdentro do devido processo legal e sem constrangimento\u201d, quando os advogados entenderem que a decis\u00e3o contraria a lei. N\u00e3o haver\u00e1, segundo esse interlocutor, recuo em rela\u00e7\u00e3o \u00e0 defesa da liberdade de express\u00e3o, bandeira internacional de Musk na condu\u00e7\u00e3o do X.<\/p>\n<p>Isso condiz com declara\u00e7\u00f5es recentes do empres\u00e1rio, que critica Moraes por entender que as decis\u00f5es contrariam a Constitui\u00e7\u00e3o brasileira e o Marco Civil da Internet \u2013 a lei prev\u00ea a remo\u00e7\u00e3o de conte\u00fados espec\u00edficos julgados como il\u00edcitos, mas n\u00e3o a suspens\u00e3o de perfis, por tempo indeterminado, como costuma decidir o ministro.<\/p>\n<p>A suspens\u00e3o de perfis, nesse sentido, equivale a uma censura pr\u00e9via, algo proibido pela Constitui\u00e7\u00e3o, porque impede a pessoa de se manifestar futuramente de forma l\u00edcita e leg\u00edtima.<\/p>\n<p>Moraes contorna esse problema argumentando que o objetivo \u00e9 impedir postagens que, em sua vis\u00e3o, configuram crimes o Estado Democr\u00e1tico de Direito, especialmente quando criticam o STF e t\u00eam o potencial de servir de muni\u00e7\u00e3o para protestos violentos, como o ocorrido em 8 de janeiro de 2023, ou amea\u00e7as aos ministros, que se tornaram frequentes nos \u00faltimos anos.<\/p>\n<h4 class=\"wp-block-heading\">Deputado diz que X vai continuar defendendo liberdade de express\u00e3o<\/h4>\n<p>A disposi\u00e7\u00e3o de Elon Musk de manter a luta pela liberdade de express\u00e3o tamb\u00e9m foi relatada pelo deputado federal Gustavo Gayer (PL-GO), num v\u00eddeo publicado na \u00faltima sexta (20). Ele disse ter recebido um telefonema de Musk e conversado com ele por 30 minutos. O deputado disse que o\u00a0objetivo imediato do empres\u00e1rio \u00e9 reativar logo o X no Brasil para que o algoritmo da plataforma n\u00e3o se torne um \u201cdefunto\u201d\u00a0\u2013 express\u00e3o que Musk teria usado ao explicar que, caso n\u00e3o seja alimentada constantemente pelos usu\u00e1rios, a plataforma perde capacidade de funcionar bem na distribui\u00e7\u00e3o de conte\u00fado.<\/p>\n<p>A defesa da liberdade de express\u00e3o, segundo Gayer, continuaria uma bandeira, especialmente porque o X tornou-se, em compara\u00e7\u00e3o com outras redes sociais, a plataforma onde a direita, n\u00e3o s\u00f3 no Brasil como no exterior, tem mais espa\u00e7o para difundir suas ideias, sem sofrer censura interna promovida pela pr\u00f3pria empresa de tecnologia que a administra.<\/p>\n<p>\u201cSe o X ficar muito tempo sem intera\u00e7\u00e3o, sem uso de usu\u00e1rios, sem publica\u00e7\u00e3o de conte\u00fado, o algoritmo, a intelig\u00eancia artificial come\u00e7a a definhar, a atrofiar. E esse aplicativo aqui no Brasil deixaria de ter relev\u00e2ncia, ele morreria. Ent\u00e3o, n\u00e3o haveria mais por que [reativar]. \u00c9 como se fosse um organismo vivo, que precisa de oxig\u00eanio, de sangue, sen\u00e3o morre\u201d, disse Gayer.<\/p>\n<p>\u201cEnt\u00e3o, ele aceitou as condi\u00e7\u00f5es temporariamente \u2013 ele usou essa palavra com \u00eanfase \u2013 at\u00e9 porque mesmo enfraquecido, mesmo com a censura, o X ainda \u00e9 o \u00fanico lugar no Brasil [em] que as pessoas podem expressar suas opini\u00f5es sem o risco de serem derrubadas pela plataforma em si. Porque as outras plataformas, como Instagram, TikTok, elas pr\u00f3prias derrubam pessoas que t\u00eam discurso de direita ou conservador, e todo mundo sabe disso. O X n\u00e3o faz isso\u201d, afirmou em seguida o deputado.<\/p>\n<p><strong><a href=\"https:\/\/www.gazetadopovo.com.br\/republica\/executivos-esperam-reativacao-do-x-nos-proximos-dias-e-serao-mais-ageis-para-atender-moraes\/\">Source link<\/a><\/strong><\/p>\n<\/div>\n<p><br \/>\n<br \/><a href=\"https:\/\/paulofigueiredoshow.com\/executivos-esperam-reativacao-do-x-nos-proximos-dias-e-serao-mais-ageis-para-atender-moraes\/\">Source link <\/a><\/p>","protected":false},"excerpt":{"rendered":"<p>Com nomea\u00e7\u00e3o de advogados e representante legal, empresa dever\u00e1 ser mais \u00e1gil e prestativa para receber ordens de Alexandre de Moraes. Executivos da rede social X trabalham para que a&hellip;<\/p>","protected":false},"author":1,"featured_media":34301,"comment_status":"closed","ping_status":"open","sticky":false,"template":"","format":"standard","meta":{"content-type":"","footnotes":""},"categories":[16],"tags":[442,915,22408,22409,425,1173,2440,20931,4188],"class_list":["post-41290","post","type-post","status-publish","format-standard","has-post-thumbnail","hentry","category-noticias","tag-da","tag-elon","tag-esperam","tag-executivos","tag-moraes","tag-musk","tag-no","tag-retorno","tag-x"],"_links":{"self":[{"href":"https:\/\/tvbrazilusa.com\/pt\/wp-json\/wp\/v2\/posts\/41290","targetHints":{"allow":["GET"]}}],"collection":[{"href":"https:\/\/tvbrazilusa.com\/pt\/wp-json\/wp\/v2\/posts"}],"about":[{"href":"https:\/\/tvbrazilusa.com\/pt\/wp-json\/wp\/v2\/types\/post"}],"author":[{"embeddable":true,"href":"https:\/\/tvbrazilusa.com\/pt\/wp-json\/wp\/v2\/users\/1"}],"replies":[{"embeddable":true,"href":"https:\/\/tvbrazilusa.com\/pt\/wp-json\/wp\/v2\/comments?post=41290"}],"version-history":[{"count":1,"href":"https:\/\/tvbrazilusa.com\/pt\/wp-json\/wp\/v2\/posts\/41290\/revisions"}],"predecessor-version":[{"id":41291,"href":"https:\/\/tvbrazilusa.com\/pt\/wp-json\/wp\/v2\/posts\/41290\/revisions\/41291"}],"wp:featuredmedia":[{"embeddable":true,"href":"https:\/\/tvbrazilusa.com\/pt\/wp-json\/wp\/v2\/media\/34301"}],"wp:attachment":[{"href":"https:\/\/tvbrazilusa.com\/pt\/wp-json\/wp\/v2\/media?parent=41290"}],"wp:term":[{"taxonomy":"category","embeddable":true,"href":"https:\/\/tvbrazilusa.com\/pt\/wp-json\/wp\/v2\/categories?post=41290"},{"taxonomy":"post_tag","embeddable":true,"href":"https:\/\/tvbrazilusa.com\/pt\/wp-json\/wp\/v2\/tags?post=41290"}],"curies":[{"name":"wp","href":"https:\/\/api.w.org\/{rel}","templated":true}]}}