{"id":41292,"date":"2024-09-24T19:06:03","date_gmt":"2024-09-24T19:06:03","guid":{"rendered":"https:\/\/tvbrazilusa.com\/2024\/09\/24\/governo-lula-investiga-se-o-retorno-temporario-do-x-foi-intencional-e-afirma-que-pode-solicitar-a-cassacao-da-outorga-da-starlink\/"},"modified":"2024-09-24T19:06:04","modified_gmt":"2024-09-24T19:06:04","slug":"governo-lula-investiga-se-o-retorno-temporario-do-x-foi-intencional-e-afirma-que-pode-solicitar-a-cassacao-da-outorga-da-starlink","status":"publish","type":"post","link":"https:\/\/tvbrazilusa.com\/pt\/2024\/09\/24\/governo-lula-investiga-se-o-retorno-temporario-do-x-foi-intencional-e-afirma-que-pode-solicitar-a-cassacao-da-outorga-da-starlink\/","title":{"rendered":"Governo Lula investiga se o retorno tempor\u00e1rio do X foi intencional e afirma que pode solicitar a cassa\u00e7\u00e3o da outorga da Starlink"},"content":{"rendered":"<p> <script async src=\"https:\/\/pagead2.googlesyndication.com\/pagead\/js\/adsbygoogle.js?client=ca-pub-8864793242727901\"\r\n     crossorigin=\"anonymous\"><\/script><br \/>\n<\/p>\n<div id=\"taboola-read-more\" style=\"display:block; width:100%\">\n<p>O ministro das Comunica\u00e7\u00f5es, Juscelino Filho, afirmou na tarde desta ter\u00e7a-feira (24) que a recente volta tempor\u00e1ria do X no Brasil, ocorrida na \u00faltima semana, est\u00e1 sob investiga\u00e7\u00e3o para determinar se foi causada por falha t\u00e9cnica ou a\u00e7\u00e3o proposital.\n<\/p>\n<p>As falas foram feitas a jornalistas ap\u00f3s evento de lan\u00e7amento do programa Acessa Cr\u00e9dito Telecom, que tem como objetivo expandir as redes de banda larga fixa no Brasil.<\/p>\n<p>Segundo o ministro de Lula, caso seja comprovado descumprimento intencional de decis\u00e3o judicial, o minist\u00e9rio poder\u00e1 acionar um processo para suspender a permiss\u00e3o de opera\u00e7\u00e3o da Starlink no pa\u00eds.\n<\/p>\n<p>\u201cEstamos apurando se foi algo que foi provocado por eles ou se foi alguma falha t\u00e9cnica, para ter certeza dos encaminhamentos a serem tomados\u201d, disse Juscelino Filho.\n<\/p>\n<p>\u201cDependendo da apura\u00e7\u00e3o, se tiver qualquer afronta em torno do n\u00e3o cumprimento de uma decis\u00e3o judicial, as provid\u00eancias necess\u00e1rias ser\u00e3o tomadas. Uma delas, como eu falei, \u00e9 a abertura de um processo de cassa\u00e7\u00e3o de outorga\u201d, completou o ministro.\n<\/p>\n<p>No dia do retorno da plataforma, o X informou que o servi\u00e7o foi restaurado de forma inadvertida e tempor\u00e1ria ap\u00f3s uma mudan\u00e7a no provedor de rede da empresa. A Starlink, de Elon Musk, opera uma rede de sat\u00e9lites com o objetivo de levar internet a \u00e1reas remotas, que normalmente n\u00e3o t\u00eam acesso \u00e0 web.\n<\/p>\n<p>A Starlink lidera o mercado brasileiro de conex\u00e3o via sat\u00e9lite, com 224,5 mil clientes, sendo cerca de um ter\u00e7o concentrado na regi\u00e3o Norte.\n<\/p>\n<p>Advogados do X est\u00e3o preparando um pedido formal ao ministro do Supremo Tribunal Federal (STF), Alexandre de Moraes, para que a rede social possa retomar suas opera\u00e7\u00f5es no Brasil.\n<\/p>\n<p>Para isso, a empresa precisar\u00e1 nomear um representante legal no pa\u00eds, bloquear os perfis determinados pela Justi\u00e7a e quitar as multas referentes ao descumprimento de decis\u00f5es judiciais.\n<\/p>\n<p>O ministro das Comunica\u00e7\u00f5es, Juscelino Filho, declarou que o bloqueio total da rede social permanece vigente e que qualquer altera\u00e7\u00e3o depender\u00e1 de uma decis\u00e3o do STF.\n<\/p>\n<p>Filho destacou que o governo est\u00e1 acompanhando o caso e que seguir\u00e1 a legisla\u00e7\u00e3o brasileira, cumprindo todas as decis\u00f5es judiciais aplic\u00e1veis.\n<\/p>\n<p>Fonte: Gazeta Brasil <\/p>\n<\/div>\n<p><br \/>\n<br \/><a href=\"https:\/\/diariodobrasilnoticias.com.br\/noticia\/governo-lula-investiga-se-o-retorno-temporario-do-x-foi-intencional-e-afirma-que-pode-solicitar-a-cassacao-da-outorga-da-starlink-66f2e6aa5fd98\">Source link <\/a><\/p>","protected":false},"excerpt":{"rendered":"<p>O ministro das Comunica\u00e7\u00f5es, Juscelino Filho, afirmou na tarde desta ter\u00e7a-feira (24) que a recente volta tempor\u00e1ria do X no Brasil, ocorrida na \u00faltima semana, est\u00e1 sob investiga\u00e7\u00e3o para determinar&hellip;<\/p>","protected":false},"author":1,"featured_media":41293,"comment_status":"closed","ping_status":"open","sticky":false,"template":"","format":"standard","meta":{"content-type":"","footnotes":""},"categories":[16],"tags":[123,2448,5313,1267],"class_list":["post-41292","post","type-post","status-publish","format-standard","has-post-thumbnail","hentry","category-noticias","tag-brasil","tag-diario","tag-noticia","tag-noticias"],"_links":{"self":[{"href":"https:\/\/tvbrazilusa.com\/pt\/wp-json\/wp\/v2\/posts\/41292","targetHints":{"allow":["GET"]}}],"collection":[{"href":"https:\/\/tvbrazilusa.com\/pt\/wp-json\/wp\/v2\/posts"}],"about":[{"href":"https:\/\/tvbrazilusa.com\/pt\/wp-json\/wp\/v2\/types\/post"}],"author":[{"embeddable":true,"href":"https:\/\/tvbrazilusa.com\/pt\/wp-json\/wp\/v2\/users\/1"}],"replies":[{"embeddable":true,"href":"https:\/\/tvbrazilusa.com\/pt\/wp-json\/wp\/v2\/comments?post=41292"}],"version-history":[{"count":1,"href":"https:\/\/tvbrazilusa.com\/pt\/wp-json\/wp\/v2\/posts\/41292\/revisions"}],"predecessor-version":[{"id":41294,"href":"https:\/\/tvbrazilusa.com\/pt\/wp-json\/wp\/v2\/posts\/41292\/revisions\/41294"}],"wp:featuredmedia":[{"embeddable":true,"href":"https:\/\/tvbrazilusa.com\/pt\/wp-json\/wp\/v2\/media\/41293"}],"wp:attachment":[{"href":"https:\/\/tvbrazilusa.com\/pt\/wp-json\/wp\/v2\/media?parent=41292"}],"wp:term":[{"taxonomy":"category","embeddable":true,"href":"https:\/\/tvbrazilusa.com\/pt\/wp-json\/wp\/v2\/categories?post=41292"},{"taxonomy":"post_tag","embeddable":true,"href":"https:\/\/tvbrazilusa.com\/pt\/wp-json\/wp\/v2\/tags?post=41292"}],"curies":[{"name":"wp","href":"https:\/\/api.w.org\/{rel}","templated":true}]}}