{"id":41301,"date":"2024-09-24T19:20:41","date_gmt":"2024-09-24T19:20:41","guid":{"rendered":"https:\/\/tvbrazilusa.com\/2024\/09\/24\/analista-politico-faz-previsao-dramatica-na-corrida-harris-x-trump\/"},"modified":"2024-09-24T19:33:15","modified_gmt":"2024-09-24T19:33:15","slug":"analista-politico-faz-previsao-dramatica-na-corrida-harris-x-trump","status":"publish","type":"post","link":"https:\/\/tvbrazilusa.com\/pt\/2024\/09\/24\/analista-politico-faz-previsao-dramatica-na-corrida-harris-x-trump\/","title":{"rendered":"Analista pol\u00edtico faz previs\u00e3o dram\u00e1tica na corrida Harris x Trump"},"content":{"rendered":"<p> <script async src=\"https:\/\/pagead2.googlesyndication.com\/pagead\/js\/adsbygoogle.js?client=ca-pub-8864793242727901\"\r\n     crossorigin=\"anonymous\"><\/script><br \/>\n<\/p>\n<div><picture><source media=\"(max-width: 500px)\" srcset=\"https:\/\/www.nj.com\/resizer\/v2\/PMIT2GPDZ5FKTMNQE4THYQ67TA.jpg?auth=98b52f91dae2b4758985e60d8c13bb96c7d636824af6ac3624f6fcadc5b9dfa5&#038;width=500&#038;quality=90 500w\"\/><source media=\"(max-width: 800px)\" srcset=\"https:\/\/www.nj.com\/resizer\/v2\/PMIT2GPDZ5FKTMNQE4THYQ67TA.jpg?auth=98b52f91dae2b4758985e60d8c13bb96c7d636824af6ac3624f6fcadc5b9dfa5&#038;width=800&#038;quality=90 800w\"\/><source srcset=\"https:\/\/www.nj.com\/resizer\/v2\/PMIT2GPDZ5FKTMNQE4THYQ67TA.jpg?auth=98b52f91dae2b4758985e60d8c13bb96c7d636824af6ac3624f6fcadc5b9dfa5&#038;width=1280&#038;quality=90 1280w\"\/><\/picture><figcaption class=\"article__image-caption\">\n<p class=\"article__mm-image-caption-text\">O candidato presidencial republicano, ex-presidente Donald Trump, e a candidata presidencial democrata, vice-presidente Kamala Harris, participam de um debate presidencial da ABC News no National Constitution Center, na Filad\u00e9lfia, ter\u00e7a-feira, 10 de setembro de 2024. (Foto AP\/Alex Brandon)<span class=\"article__mm-image-credit\">PA-AP<\/span><\/p>\n<\/figcaption><\/div>\n<p><br \/>\n<br \/><a href=\"https:\/\/www.nj.com\/politics\/2024\/09\/political-analyst-makes-dramatic-prediction-in-harris-v-trump-race.html\">Source link <\/a><\/p>","protected":false},"excerpt":{"rendered":"<p>O candidato presidencial republicano, ex-presidente Donald Trump, e a candidata presidencial democrata, vice-presidente Kamala Harris, participam de um debate presidencial da ABC News no National Constitution Center, na Filad\u00e9lfia, ter\u00e7a-feira,&hellip;<\/p>","protected":false},"author":1,"featured_media":41302,"comment_status":"closed","ping_status":"open","sticky":false,"template":"","format":"standard","meta":{"content-type":"","footnotes":""},"categories":[1],"tags":[22425,22420,5710,16748,9764,3704,12740,19025,22436,5604,5473,12764,5049,3402,6588,11663,10571,6246,20905,12704,8106,22423,17117,22438,22437,22435,22434,22433,22432,22431,22430,22429,22428,22427,22426,22424,22422,22421,22419,22418,22417,22416,22415,22414,22413,22412,1294,4321,2770,1338,2184,1325,1317,1310,1307,1288,1290],"class_list":["post-41301","post","type-post","status-publish","format-standard","has-post-thumbnail","hentry","category-uncategorized","tag-palavra-chaveallen","tag-palavra-chaveanalista","tag-palavra-chavearizona","tag-palavra-chaveautor","tag-palavra-chaveborda","tag-palavra-chavecaminho","tag-palavra-chaveeleicao","tag-palavra-chaveenquete","tag-palavra-chaveenquetes","tag-palavra-chaveestados","tag-palavra-chavegeorgia","tag-palavra-chaveharris","tag-palavra-chavemichigan","tag-palavra-chavenumero","tag-palavra-chavepensilvania","tag-palavra-chaveporcentagem","tag-palavra-chavepresidente","tag-palavra-chaveprevisao","tag-palavra-chaveraciocinio","tag-palavra-chavetrump","tag-palavra-chavevitoria","tag-palavra-chavewalsh","tag-palavra-chavewisconsin","tag-22438","tag-22437","tag-22435","tag-22434","tag-22433","tag-22432","tag-22431","tag-22430","tag-22429","tag-22428","tag-22427","tag-22426","tag-22424","tag-22422","tag-22421","tag-22419","tag-22418","tag-22417","tag-22416","tag-22415","tag-22414","tag-22413","tag-22412","tag-etiquetasubstantivo","tag-frequencia13","tag-frequencia15","tag-frequencia2","tag-frequencia3","tag-frequencia4","tag-frequencia5","tag-frequencia6","tag-frequencia7","tag-pontuacao0","tag-tagnome_proprio"],"_links":{"self":[{"href":"https:\/\/tvbrazilusa.com\/pt\/wp-json\/wp\/v2\/posts\/41301","targetHints":{"allow":["GET"]}}],"collection":[{"href":"https:\/\/tvbrazilusa.com\/pt\/wp-json\/wp\/v2\/posts"}],"about":[{"href":"https:\/\/tvbrazilusa.com\/pt\/wp-json\/wp\/v2\/types\/post"}],"author":[{"embeddable":true,"href":"https:\/\/tvbrazilusa.com\/pt\/wp-json\/wp\/v2\/users\/1"}],"replies":[{"embeddable":true,"href":"https:\/\/tvbrazilusa.com\/pt\/wp-json\/wp\/v2\/comments?post=41301"}],"version-history":[{"count":1,"href":"https:\/\/tvbrazilusa.com\/pt\/wp-json\/wp\/v2\/posts\/41301\/revisions"}],"predecessor-version":[{"id":41303,"href":"https:\/\/tvbrazilusa.com\/pt\/wp-json\/wp\/v2\/posts\/41301\/revisions\/41303"}],"wp:featuredmedia":[{"embeddable":true,"href":"https:\/\/tvbrazilusa.com\/pt\/wp-json\/wp\/v2\/media\/41302"}],"wp:attachment":[{"href":"https:\/\/tvbrazilusa.com\/pt\/wp-json\/wp\/v2\/media?parent=41301"}],"wp:term":[{"taxonomy":"category","embeddable":true,"href":"https:\/\/tvbrazilusa.com\/pt\/wp-json\/wp\/v2\/categories?post=41301"},{"taxonomy":"post_tag","embeddable":true,"href":"https:\/\/tvbrazilusa.com\/pt\/wp-json\/wp\/v2\/tags?post=41301"}],"curies":[{"name":"wp","href":"https:\/\/api.w.org\/{rel}","templated":true}]}}