{"id":41304,"date":"2024-09-24T19:41:13","date_gmt":"2024-09-24T19:41:13","guid":{"rendered":"https:\/\/tvbrazilusa.com\/2024\/09\/24\/apos-para-brisa-de-aviao-quebrar-ministros-nao-conseguem-decolar-e-agenda-em-natal-e-cancelada\/"},"modified":"2024-09-24T19:41:14","modified_gmt":"2024-09-24T19:41:14","slug":"apos-para-brisa-de-aviao-quebrar-ministros-nao-conseguem-decolar-e-agenda-em-natal-e-cancelada","status":"publish","type":"post","link":"https:\/\/tvbrazilusa.com\/pt\/2024\/09\/24\/apos-para-brisa-de-aviao-quebrar-ministros-nao-conseguem-decolar-e-agenda-em-natal-e-cancelada\/","title":{"rendered":"Ap\u00f3s para-brisa de avi\u00e3o quebrar, ministros n\u00e3o conseguem decolar e agenda em Natal \u00e9 cancelada"},"content":{"rendered":"<p> <script async src=\"https:\/\/pagead2.googlesyndication.com\/pagead\/js\/adsbygoogle.js?client=ca-pub-8864793242727901\"\r\n     crossorigin=\"anonymous\"><\/script><br \/>\n<\/p>\n<div id=\"taboola-read-more\" style=\"display:block; width:100%\">\n<p>A agenda da governadora F\u00e1tima Bezerra prevista para a manh\u00e3 desta ter\u00e7a-feira (24), com os ministros Renan Filho (Transportes) e S\u00edlvio Costa (Portos e Aeroportos), foi cancelada em fun\u00e7\u00e3o de dificuldades de log\u00edstica para deslocamento dos ministros at\u00e9 Natal.\n<\/p>\n<p>Uma nova data deve ser agendada.<\/p>\n<p>O avi\u00e3o da FAB que traria os ministros de Macei\u00f3 para Natal teve o para-brisa quebrado e ficou impedido de decolar.\n<\/p>\n<p>Com informa\u00e7\u00f5es de Blog do Heitor Greg\u00f3rio\n<\/p>\n<p>Fonte: Portal Grande Ponto <\/p>\n<\/div>\n<p><br \/>\n<br \/><a href=\"https:\/\/diariodobrasilnoticias.com.br\/noticia\/apos-para-brisa-de-aviao-quebrar-ministros-nao-conseguem-decolar-e-agenda-em-natal-e-cancelada-66f2ec74a97c2\">Source link <\/a><\/p>","protected":false},"excerpt":{"rendered":"<p>A agenda da governadora F\u00e1tima Bezerra prevista para a manh\u00e3 desta ter\u00e7a-feira (24), com os ministros Renan Filho (Transportes) e S\u00edlvio Costa (Portos e Aeroportos), foi cancelada em fun\u00e7\u00e3o de&hellip;<\/p>","protected":false},"author":1,"featured_media":41305,"comment_status":"closed","ping_status":"open","sticky":false,"template":"","format":"standard","meta":{"content-type":"","footnotes":""},"categories":[16],"tags":[123,2448,5313,1267],"class_list":["post-41304","post","type-post","status-publish","format-standard","has-post-thumbnail","hentry","category-noticias","tag-brasil","tag-diario","tag-noticia","tag-noticias"],"_links":{"self":[{"href":"https:\/\/tvbrazilusa.com\/pt\/wp-json\/wp\/v2\/posts\/41304","targetHints":{"allow":["GET"]}}],"collection":[{"href":"https:\/\/tvbrazilusa.com\/pt\/wp-json\/wp\/v2\/posts"}],"about":[{"href":"https:\/\/tvbrazilusa.com\/pt\/wp-json\/wp\/v2\/types\/post"}],"author":[{"embeddable":true,"href":"https:\/\/tvbrazilusa.com\/pt\/wp-json\/wp\/v2\/users\/1"}],"replies":[{"embeddable":true,"href":"https:\/\/tvbrazilusa.com\/pt\/wp-json\/wp\/v2\/comments?post=41304"}],"version-history":[{"count":1,"href":"https:\/\/tvbrazilusa.com\/pt\/wp-json\/wp\/v2\/posts\/41304\/revisions"}],"predecessor-version":[{"id":41306,"href":"https:\/\/tvbrazilusa.com\/pt\/wp-json\/wp\/v2\/posts\/41304\/revisions\/41306"}],"wp:featuredmedia":[{"embeddable":true,"href":"https:\/\/tvbrazilusa.com\/pt\/wp-json\/wp\/v2\/media\/41305"}],"wp:attachment":[{"href":"https:\/\/tvbrazilusa.com\/pt\/wp-json\/wp\/v2\/media?parent=41304"}],"wp:term":[{"taxonomy":"category","embeddable":true,"href":"https:\/\/tvbrazilusa.com\/pt\/wp-json\/wp\/v2\/categories?post=41304"},{"taxonomy":"post_tag","embeddable":true,"href":"https:\/\/tvbrazilusa.com\/pt\/wp-json\/wp\/v2\/tags?post=41304"}],"curies":[{"name":"wp","href":"https:\/\/api.w.org\/{rel}","templated":true}]}}