{"id":41307,"date":"2024-09-24T15:45:00","date_gmt":"2024-09-24T15:45:00","guid":{"rendered":"https:\/\/tvbrazilusa.com\/2024\/09\/24\/fora-dos-holofotes-longe-dos-tribunais-quem-vai-representar-o-x-no-brasil-paulo-figueiredo\/"},"modified":"2024-09-24T19:58:52","modified_gmt":"2024-09-24T19:58:52","slug":"fora-dos-holofotes-longe-dos-tribunais-quem-vai-representar-o-x-no-brasil-paulo-figueiredo","status":"publish","type":"post","link":"https:\/\/tvbrazilusa.com\/pt\/2024\/09\/24\/fora-dos-holofotes-longe-dos-tribunais-quem-vai-representar-o-x-no-brasil-paulo-figueiredo\/","title":{"rendered":"Fora dos holofotes, longe dos tribunais: quem vai representar o X no Brasil &#8211; Paulo Figueiredo"},"content":{"rendered":"<p> <script async src=\"https:\/\/pagead2.googlesyndication.com\/pagead\/js\/adsbygoogle.js?client=ca-pub-8864793242727901\"\r\n     crossorigin=\"anonymous\"><\/script><br \/>\n<\/p>\n<div id=\"wtr-content\" data-bg=\"#FFFFFF\" data-fg=\"#006d91\" data-width=\"25\" data-mute=\"1\" data-fgopacity=\"1.00\" data-mutedopacity=\"0.5\" data-placement=\"bottom\" data-placement-offset=\"0\" data-content-offset=\"262\" data-placement-touch=\"bottom\" data-placement-offset-touch=\"0\" data-transparent=\"\" data-shadow=\"0\" data-touch=\"1\" data-non-touch=\"1\" data-comments=\"0\" data-commentsbg=\"transparent\" data-location=\"page\" data-mutedfg=\"#006d91\" data-endfg=\"#006d91\" data-rtl=\"\">\n<p>Sem qualquer influ\u00eancia no meio jur\u00eddico, Rachel de Oliveira Villa Nova Concei\u00e7\u00e3o \u00e9 uma advogada praticamente an\u00f4nima. Foi al\u00e7ada \u00e0 fama na \u00faltima sexta-feira (20), quando o X a indicou como representante da rede social no pa\u00eds \u2014cargo que j\u00e1 tinha ocupado no passado.<\/p>\n<p>A escalada da insubordina\u00e7\u00e3o de Elon Musk \u00e0 Justi\u00e7a Brasileira conferiu ao X \u2014e, agora, a Rachel Villa Nova\u2014 uma situa\u00e7\u00e3o de protagonismo no notici\u00e1rio. Apontar um representante no Brasil era uma das condi\u00e7\u00f5es para a rede social voltar ao ar no pa\u00eds.<\/p>\n<p>Musk optou pelo caminho mais f\u00e1cil: indicar a mesma pessoa que representava o X no Brasil at\u00e9 17 de agosto, quando foi anunciado o fim do escrit\u00f3rio da rede social no Brasil. Nesse mesmo dia, Rachel Villa Nova deixou o posto de representante. Tinha assumido o cargo em abril deste ano.<\/p>\n<p>No dia 30 de agosto, o ministro Alexandre de Moraes, do STF (Supremo Tribunal Federal), ordenou a suspens\u00e3o do funcionamento da rede no pa\u00eds. Depois de mais um epis\u00f3dio de insubordina\u00e7\u00e3o, no qual o X conseguiu burlar o bloqueio, segue v\u00e1lida a proibi\u00e7\u00e3o de acesso \u00e0 rede.<\/p>\n<p>Na contram\u00e3o do n\u00famero de men\u00e7\u00f5es a Rachel Villa Nova no notici\u00e1rio, as informa\u00e7\u00f5es sobre ela s\u00e3o escassas. A advogada n\u00e3o \u00e9 conhecida na nata do Judici\u00e1rio. Consultados pela coluna, ministros de tribunais superiores e ju\u00edzes influentes de Bras\u00edlia e de S\u00e3o Paulo deram a mesma resposta: \u201cNunca ouvi falar\u201d.<\/p>\n<p>Cadastrada na seccional da OAB (Ordem dos Advogados do Brasil) de S\u00e3o Paulo, atuou em menos de duas dezenas de processos ao longo da vida profissional, segundo buscas realizadas em sites de tribunais. A maioria das a\u00e7\u00f5es correu no Tribunal de Justi\u00e7a de S\u00e3o Paulo. Entre os processos, h\u00e1 causas criminais e trabalhistas. Nenhuma de grande repercuss\u00e3o.<\/p>\n<p>A advogada nunca atuou em tribunais superiores, tamb\u00e9m de acordo com o sistema de acompanhamento processual dessas cortes. Entre os advogados que atuam em Bras\u00edlia e em bancas grandes de S\u00e3o Paulo, \u00e9 igualmente desconhecida. N\u00e3o tem amigos na OAB Nacional, que tem sede em Bras\u00edlia.<\/p>\n<p>Constitu\u00eddo como defensor do X nos processos judiciais, o escrit\u00f3rio Pinheiro Neto tamb\u00e9m n\u00e3o fornece qualquer tipo de informa\u00e7\u00e3o sobre a representante legal da rede. Rachel Villa Nova n\u00e3o est\u00e1 entre os profissionais contratados do escrit\u00f3rio.<\/p>\n<p>Tamb\u00e9m n\u00e3o h\u00e1 informa\u00e7\u00e3o dispon\u00edvel no cadastro da OAB sobre o escrit\u00f3rio onde ela atua. O telefone vinculado ao nome da advogada no cadastro informa que o n\u00famero est\u00e1 desligado ou fora da \u00e1rea de cobertura.<\/p>\n<p><strong><a href=\"https:\/\/noticias.uol.com.br\/colunas\/carolina-brigido\/2024\/09\/24\/fora-dos-holofotes-longe-dos-tribunais-quem-vai-representar-o-x-no-brasil.htm\">Source link<\/a><\/strong><\/p>\n<\/div>\n<p><br \/>\n<br \/><a href=\"https:\/\/paulofigueiredoshow.com\/fora-dos-holofotes-longe-dos-tribunais-quem-vai-representar-o-x-no-brasil\/\">Source link <\/a><\/p>","protected":false},"excerpt":{"rendered":"<p>Sem qualquer influ\u00eancia no meio jur\u00eddico, Rachel de Oliveira Villa Nova Concei\u00e7\u00e3o \u00e9 uma advogada praticamente an\u00f4nima. Foi al\u00e7ada \u00e0 fama na \u00faltima sexta-feira (20), quando o X a indicou&hellip;<\/p>","protected":false},"author":1,"featured_media":41308,"comment_status":"closed","ping_status":"open","sticky":false,"template":"","format":"standard","meta":{"content-type":"","footnotes":""},"categories":[16],"tags":[3349,22439,22440,22441,487,22442,21343,4895,4188],"class_list":["post-41307","post","type-post","status-publish","format-standard","has-post-thumbnail","hentry","category-noticias","tag-advogada","tag-desconhecida","tag-legal","tag-nomeada","tag-nova","tag-rachel-de-oliveira-villa-nova-conceicao","tag-representante","tag-twitter","tag-x"],"_links":{"self":[{"href":"https:\/\/tvbrazilusa.com\/pt\/wp-json\/wp\/v2\/posts\/41307","targetHints":{"allow":["GET"]}}],"collection":[{"href":"https:\/\/tvbrazilusa.com\/pt\/wp-json\/wp\/v2\/posts"}],"about":[{"href":"https:\/\/tvbrazilusa.com\/pt\/wp-json\/wp\/v2\/types\/post"}],"author":[{"embeddable":true,"href":"https:\/\/tvbrazilusa.com\/pt\/wp-json\/wp\/v2\/users\/1"}],"replies":[{"embeddable":true,"href":"https:\/\/tvbrazilusa.com\/pt\/wp-json\/wp\/v2\/comments?post=41307"}],"version-history":[{"count":1,"href":"https:\/\/tvbrazilusa.com\/pt\/wp-json\/wp\/v2\/posts\/41307\/revisions"}],"predecessor-version":[{"id":41309,"href":"https:\/\/tvbrazilusa.com\/pt\/wp-json\/wp\/v2\/posts\/41307\/revisions\/41309"}],"wp:featuredmedia":[{"embeddable":true,"href":"https:\/\/tvbrazilusa.com\/pt\/wp-json\/wp\/v2\/media\/41308"}],"wp:attachment":[{"href":"https:\/\/tvbrazilusa.com\/pt\/wp-json\/wp\/v2\/media?parent=41307"}],"wp:term":[{"taxonomy":"category","embeddable":true,"href":"https:\/\/tvbrazilusa.com\/pt\/wp-json\/wp\/v2\/categories?post=41307"},{"taxonomy":"post_tag","embeddable":true,"href":"https:\/\/tvbrazilusa.com\/pt\/wp-json\/wp\/v2\/tags?post=41307"}],"curies":[{"name":"wp","href":"https:\/\/api.w.org\/{rel}","templated":true}]}}