{"id":41313,"date":"2024-09-24T20:13:59","date_gmt":"2024-09-24T20:13:59","guid":{"rendered":"https:\/\/tvbrazilusa.com\/2024\/09\/24\/por-que-o-assessor-de-marcal-foi-detido-enquanto-datena-nao-foi\/"},"modified":"2024-09-24T20:14:00","modified_gmt":"2024-09-24T20:14:00","slug":"por-que-o-assessor-de-marcal-foi-detido-enquanto-datena-nao-foi","status":"publish","type":"post","link":"https:\/\/tvbrazilusa.com\/pt\/2024\/09\/24\/por-que-o-assessor-de-marcal-foi-detido-enquanto-datena-nao-foi\/","title":{"rendered":"Por que o assessor de Mar\u00e7al foi detido, enquanto Datena n\u00e3o foi?"},"content":{"rendered":"<p> <script async src=\"https:\/\/pagead2.googlesyndication.com\/pagead\/js\/adsbygoogle.js?client=ca-pub-8864793242727901\"\r\n     crossorigin=\"anonymous\"><\/script><br \/>\n<\/p>\n<div>\n<p>Ap\u00f3s o segundo epis\u00f3dio de agress\u00e3o f\u00edsica em um debate entre candidatos \u00e0 Prefeitura de S\u00e3o Paulo, no qual Nahuel Medina (\u00e0 esquerda na foto), assessor da campanha do influenciador Pablo Mar\u00e7al (PRTB), acertou um soco em Duda Lima (\u00e0 direita), marqueteiro da campanha do prefeito Ricardo Nunes (MDB), surgiu uma compara\u00e7\u00e3o entre esse caso e a cadeirada dada por Jos\u00e9 Luiz Datena (PSDB) em Mar\u00e7al durante o debate da TV Cultura, em 15 de setembro.\n<\/p>\n<p>Muitos eleitores foram \u00e0s redes sociais questionar por que Medina foi detido depois do epis\u00f3dio de agress\u00e3o (e liberado durante a madrugada desta ter\u00e7a-feira, 24), enquanto Datena p\u00f4de ir para casa ap\u00f3s agredir o ex-coach.<\/p>\n<p>A <strong>O\u00a0Antagonista<\/strong>, o advogado\u00a0<strong>Arthur Rollo<\/strong>, especialista em direito eleitoral, explicou que o tucano poderia, sim, ter sido detido ap\u00f3s a briga nos est\u00fadios da TV Cultura, mas n\u00e3o foi por ser um candidato em campanha, com endere\u00e7o conhecido, e com mais visibilidade.\n<\/p>\n<p><em>\u201cNa verdade, [Datena] deveria ter sido detido tamb\u00e9m. N\u00e3o foi detido porque era um candidato, que tem um endere\u00e7o certo, um domic\u00edlio certo, que est\u00e1 em campanha com agenda p\u00fablica e \u00e9 facilmente localiz\u00e1vel, diferente de um assessor que, inclusive, \u00e9 uruguaio e amanh\u00e3 pode voltar ao pa\u00eds dele sem que a jurisdi\u00e7\u00e3o brasileira o alcance.<\/em>\n<\/p>\n<p><em>Quando \u00e9 um candidato, que est\u00e1 em campanha, \u00e9 muito mais f\u00e1cil de voc\u00ea localizar o candidato, responsabilizar e adotar provid\u00eancias em rela\u00e7\u00e3o ao candidato. Quando se trata de um assessor, nem sempre os assessores s\u00e3o identificados.\u201d<\/em>\n<\/p>\n<h2 id=\"h-nem-datena-nem-o-assessor-de-marcal-sairam-ilesos\" class=\"wp-block-heading\">Nem Datena, nem o assessor de Mar\u00e7al sa\u00edram ilesos<\/h2>\n<p>Apesar das diferen\u00e7as, ningu\u00e9m saiu ileso desses epis\u00f3dios de agress\u00e3o. Assim como Nahuel Medina, o apresentador tamb\u00e9m teve contra ele um boletim de ocorr\u00eancia lavrado e deve sofrer um processo criminal.\n<\/p>\n<p>Para o especialista em direito eleitoral, o sangramento do marqueteiro de Ricardo Nunes tamb\u00e9m foi determinante para que o assessor de Mar\u00e7al tenha ido direto para a delegacia.\n<\/p>\n<p><em>\u201cEu acho que o sangue acaba impressionando mais, mas eu acho que justificaria uma maior preocupa\u00e7\u00e3o na identifica\u00e7\u00e3o do assessor para resguardar os direitos, e o candidato estava identificado. O Datena, no dia seguinte, j\u00e1 tinha agenda e se j\u00e1 sabia onde ele iria estar.\u201d<\/em>\n<\/p>\n<h2 id=\"h-o-que-diz-o-codigo-eleitoral\" class=\"wp-block-heading\">O que diz o C\u00f3digo Eleitoral?<\/h2>\n<p>Questionado sobre as implica\u00e7\u00f5es eleitorais dos epis\u00f3dios de agress\u00e3o, Arthur Rollo afirmou que o C\u00f3digo Eleitoral n\u00e3o prev\u00ea epis\u00f3dios de agress\u00e3o e cobrou uma minirreforma eleitoral.\n<\/p>\n<p><em>\u201cA gente vai precisar depois dessa elei\u00e7\u00e3o ter uma minirreforma eleitoral para criminalizar agress\u00f5es. Hoje o que tem \u00e9 o c\u00f3digo penal, ent\u00e3o um candidato que agride outro \u00e9 responsabilizado segundo o c\u00f3digo penal.<\/em>\n<\/p>\n<p><em>Quando voc\u00ea tem a\u00ed uma um epis\u00f3dio de agress\u00e3o ou um epis\u00f3dio il\u00edcito, voc\u00ea pode ter consequ\u00eancias civis, penais e administrativas. Sob o ponto de vista eleitoral, n\u00e3o tem nenhuma norma que diga que isso \u00e9 motivo para cassa\u00e7\u00e3o de mandato.\u201d<\/em>\n<\/p>\n<p><strong>O Antagonista\u00a0<\/strong>\n<\/p>\n<\/div>\n<p><br \/>\n<br \/><a href=\"https:\/\/diariodobrasilnoticias.com.br\/noticia\/por-que-o-assessor-de-marcal-foi-detido-enquanto-datena-nao-foi-66f2fe1f2f121\">Source link <\/a><\/p>","protected":false},"excerpt":{"rendered":"<p>Ap\u00f3s o segundo epis\u00f3dio de agress\u00e3o f\u00edsica em um debate entre candidatos \u00e0 Prefeitura de S\u00e3o Paulo, no qual Nahuel Medina (\u00e0 esquerda na foto), assessor da campanha do influenciador&hellip;<\/p>","protected":false},"author":1,"featured_media":41314,"comment_status":"closed","ping_status":"open","sticky":false,"template":"","format":"standard","meta":{"content-type":"","footnotes":""},"categories":[16],"tags":[123,2448,5313,1267],"class_list":["post-41313","post","type-post","status-publish","format-standard","has-post-thumbnail","hentry","category-noticias","tag-brasil","tag-diario","tag-noticia","tag-noticias"],"_links":{"self":[{"href":"https:\/\/tvbrazilusa.com\/pt\/wp-json\/wp\/v2\/posts\/41313","targetHints":{"allow":["GET"]}}],"collection":[{"href":"https:\/\/tvbrazilusa.com\/pt\/wp-json\/wp\/v2\/posts"}],"about":[{"href":"https:\/\/tvbrazilusa.com\/pt\/wp-json\/wp\/v2\/types\/post"}],"author":[{"embeddable":true,"href":"https:\/\/tvbrazilusa.com\/pt\/wp-json\/wp\/v2\/users\/1"}],"replies":[{"embeddable":true,"href":"https:\/\/tvbrazilusa.com\/pt\/wp-json\/wp\/v2\/comments?post=41313"}],"version-history":[{"count":1,"href":"https:\/\/tvbrazilusa.com\/pt\/wp-json\/wp\/v2\/posts\/41313\/revisions"}],"predecessor-version":[{"id":41315,"href":"https:\/\/tvbrazilusa.com\/pt\/wp-json\/wp\/v2\/posts\/41313\/revisions\/41315"}],"wp:featuredmedia":[{"embeddable":true,"href":"https:\/\/tvbrazilusa.com\/pt\/wp-json\/wp\/v2\/media\/41314"}],"wp:attachment":[{"href":"https:\/\/tvbrazilusa.com\/pt\/wp-json\/wp\/v2\/media?parent=41313"}],"wp:term":[{"taxonomy":"category","embeddable":true,"href":"https:\/\/tvbrazilusa.com\/pt\/wp-json\/wp\/v2\/categories?post=41313"},{"taxonomy":"post_tag","embeddable":true,"href":"https:\/\/tvbrazilusa.com\/pt\/wp-json\/wp\/v2\/tags?post=41313"}],"curies":[{"name":"wp","href":"https:\/\/api.w.org\/{rel}","templated":true}]}}