{"id":41354,"date":"2024-09-24T22:01:32","date_gmt":"2024-09-24T22:01:32","guid":{"rendered":"https:\/\/tvbrazilusa.com\/2024\/09\/24\/ministro-do-stf-esteve-em-festa-de-aniversario-de-gustavo-lima-e-corte-teme-desgate-de-imagem\/"},"modified":"2024-09-24T22:01:33","modified_gmt":"2024-09-24T22:01:33","slug":"ministro-do-stf-esteve-em-festa-de-aniversario-de-gustavo-lima-e-corte-teme-desgate-de-imagem","status":"publish","type":"post","link":"https:\/\/tvbrazilusa.com\/pt\/2024\/09\/24\/ministro-do-stf-esteve-em-festa-de-aniversario-de-gustavo-lima-e-corte-teme-desgate-de-imagem\/","title":{"rendered":"Ministro do STF esteve em festa de anivers\u00e1rio de Gustavo Lima e corte teme desgate de imagem"},"content":{"rendered":"<p> <script async src=\"https:\/\/pagead2.googlesyndication.com\/pagead\/js\/adsbygoogle.js?client=ca-pub-8864793242727901\"\r\n     crossorigin=\"anonymous\"><\/script><br \/>\n<\/p>\n<div id=\"taboola-read-more\" style=\"display:block; width:100%\">\n<p>O Supremo Tribunal Federal (STF) teme um desgaste de imagem com a investiga\u00e7\u00e3o envolvendo o cantor Gusttavo Lima, que teve o pedido de pris\u00e3o decretado na segunda-feira (24).\n<\/p>\n<p>Isso porque o ministro Nunes Marques esteve na festa de anivers\u00e1rio de Lima em um iate de luxo na Gr\u00e9cia, no in\u00edcio de setembro. A viagem do artista \u00e0 Europa \u00e9 citada na decis\u00e3o judicial.<\/p>\n<p>Segundo fontes da Corte, o contexto \u00e9 ainda mais preocupante porque os foragidos Jos\u00e9 Andr\u00e9 Rocha Neto e Aissla Sabrina Rocha, s\u00f3cios da casa de apostas Vai de Bet, tamb\u00e9m estavam na celebra\u00e7\u00e3o.\n<\/p>\n<p>Na ocasi\u00e3o, o STF justificou que o ministro estava em Roma para um compromisso acad\u00eamico e, \u201ccomo estava perto, passou para cumprimentar o cantor, que \u00e9 amigo dele, por ocasi\u00e3o do anivers\u00e1rio\u201d.\n<\/p>\n<p>Em um v\u00eddeo publicado no Instagram por um perfil de f\u00e3s do artista sertanejo, o ministro do Supremo aparece ao fundo aplaudindo o aniversariante na hora do parab\u00e9ns. Logo ap\u00f3s a festa, ele participou por videoconfer\u00eancia da sess\u00e3o do Tribunal Superior Eleitoral (TSE).\n<\/p>\n<p>Nesta ter\u00e7a-feira, Marques sinalizou a interlocutores que a ordem de pris\u00e3o assinada pela ju\u00edza Andr\u00e9a Calado da Cruz, da 12\u00aa Vara Criminal de Pernambuco, n\u00e3o est\u00e1 bem fundamentada juridicamente.\n<\/p>\n<p>A Pol\u00edcia Civil de Pernambuco deflagrou a Opera\u00e7\u00e3o Integration, que culminou na emiss\u00e3o de 19 mandados de pris\u00e3o e 24 de busca e apreens\u00e3o em cinco Estados. Al\u00e9m de Lima, tamb\u00e9m foi alvo a influenciadora e advogada Deolane Bezerra.\n<\/p>\n<p>Segundo as investiga\u00e7\u00f5es, Gusttavo Lima teria dado \u201cguarida a foragidos\u201d e ocultado R$ 9,7 milh\u00f5es recebidos em dois dep\u00f3sitos de jogos ilegais. O artista sertanejo deixou o Brasil na v\u00e9spera do pedido de pris\u00e3o e est\u00e1 em Miami junto \u00e0 fam\u00edlia. A defesa do cantor nega irregularidades.\n<\/p>\n<p><strong>CNN\u00a0<\/strong> <\/p>\n<\/div>\n<p><br \/>\n<br \/><a href=\"https:\/\/diariodobrasilnoticias.com.br\/noticia\/ministro-do-stf-esteve-em-festa-de-aniversario-de-gustavo-lima-e-corte-teme-desgate-de-imagem-66f31316b9da1\">Source link <\/a><\/p>","protected":false},"excerpt":{"rendered":"<p>O Supremo Tribunal Federal (STF) teme um desgaste de imagem com a investiga\u00e7\u00e3o envolvendo o cantor Gusttavo Lima, que teve o pedido de pris\u00e3o decretado na segunda-feira (24). Isso porque&hellip;<\/p>","protected":false},"author":1,"featured_media":41355,"comment_status":"closed","ping_status":"open","sticky":false,"template":"","format":"standard","meta":{"content-type":"","footnotes":""},"categories":[16],"tags":[123,2448,5313,1267],"class_list":["post-41354","post","type-post","status-publish","format-standard","has-post-thumbnail","hentry","category-noticias","tag-brasil","tag-diario","tag-noticia","tag-noticias"],"_links":{"self":[{"href":"https:\/\/tvbrazilusa.com\/pt\/wp-json\/wp\/v2\/posts\/41354","targetHints":{"allow":["GET"]}}],"collection":[{"href":"https:\/\/tvbrazilusa.com\/pt\/wp-json\/wp\/v2\/posts"}],"about":[{"href":"https:\/\/tvbrazilusa.com\/pt\/wp-json\/wp\/v2\/types\/post"}],"author":[{"embeddable":true,"href":"https:\/\/tvbrazilusa.com\/pt\/wp-json\/wp\/v2\/users\/1"}],"replies":[{"embeddable":true,"href":"https:\/\/tvbrazilusa.com\/pt\/wp-json\/wp\/v2\/comments?post=41354"}],"version-history":[{"count":1,"href":"https:\/\/tvbrazilusa.com\/pt\/wp-json\/wp\/v2\/posts\/41354\/revisions"}],"predecessor-version":[{"id":41356,"href":"https:\/\/tvbrazilusa.com\/pt\/wp-json\/wp\/v2\/posts\/41354\/revisions\/41356"}],"wp:featuredmedia":[{"embeddable":true,"href":"https:\/\/tvbrazilusa.com\/pt\/wp-json\/wp\/v2\/media\/41355"}],"wp:attachment":[{"href":"https:\/\/tvbrazilusa.com\/pt\/wp-json\/wp\/v2\/media?parent=41354"}],"wp:term":[{"taxonomy":"category","embeddable":true,"href":"https:\/\/tvbrazilusa.com\/pt\/wp-json\/wp\/v2\/categories?post=41354"},{"taxonomy":"post_tag","embeddable":true,"href":"https:\/\/tvbrazilusa.com\/pt\/wp-json\/wp\/v2\/tags?post=41354"}],"curies":[{"name":"wp","href":"https:\/\/api.w.org\/{rel}","templated":true}]}}