{"id":41364,"date":"2024-09-24T22:31:57","date_gmt":"2024-09-24T22:31:57","guid":{"rendered":"https:\/\/tvbrazilusa.com\/2024\/09\/24\/a-camara-de-sao-paulo-ira-analisar-o-pedido-de-cassacao-de-ricardo-nunes\/"},"modified":"2024-09-24T22:31:58","modified_gmt":"2024-09-24T22:31:58","slug":"a-camara-de-sao-paulo-ira-analisar-o-pedido-de-cassacao-de-ricardo-nunes","status":"publish","type":"post","link":"https:\/\/tvbrazilusa.com\/pt\/2024\/09\/24\/a-camara-de-sao-paulo-ira-analisar-o-pedido-de-cassacao-de-ricardo-nunes\/","title":{"rendered":"A C\u00e2mara de S\u00e3o Paulo ir\u00e1 analisar o pedido de cassa\u00e7\u00e3o de Ricardo Nunes"},"content":{"rendered":"<p> <script async src=\"https:\/\/pagead2.googlesyndication.com\/pagead\/js\/adsbygoogle.js?client=ca-pub-8864793242727901\"\r\n     crossorigin=\"anonymous\"><\/script><br \/>\n<\/p>\n<div id=\"taboola-read-more\" style=\"display:block; width:100%\">\n<p>Presidente da C\u00e2mara Municipal de S\u00e3o Paulo, Milton Leite (Uni\u00e3o) pautar\u00e1 em plen\u00e1rio nesta ter\u00e7a-feira (24\/9) um pedido de cassa\u00e7\u00e3o do prefeito Ricardo Nunes (MDB), que tenta a reelei\u00e7\u00e3o. O requerimento \u00e9 da vereadora Elaine do Quilombo Perif\u00e9rico (PSOL). Ela alega que a prefeitura descumpriu uma decis\u00e3o judicial ao promover novas a\u00e7\u00f5es truculentas na regi\u00e3o conhecida como Cracol\u00e2ndia, na regi\u00e3o central da capital paulista.\n<\/p>\n<p>Para que um pedido de cassa\u00e7\u00e3o seja analisado pela C\u00e2mara Municipal de S\u00e3o Paulo, \u00e9 necess\u00e1rio que ele seja lido em plen\u00e1rio e, em seguida, avaliado por uma comiss\u00e3o de admissibilidade. Milton Leite afirmou que a cria\u00e7\u00e3o do colegiado precisa ser votada, posi\u00e7\u00e3o questionada pela vereadora do PSOL. Ela afirma que a instaura\u00e7\u00e3o da comiss\u00e3o \u00e9 autom\u00e1tica e n\u00e3o precisa do aval da maioria dos vereadores.<\/p>\n<p>\u201cO regimento diz que o presidente da C\u00e2mara tem at\u00e9 cinco dias para processar tal pe\u00e7a. Farei isso hoje em plen\u00e1rio, logo na abertura. Determino a publica\u00e7\u00e3o imediata no Di\u00e1rio Oficial. Eu votarei a cria\u00e7\u00e3o da comiss\u00e3o e pe\u00e7o a indica\u00e7\u00e3o (dos membros) aos senhores l\u00edderes, caso o plen\u00e1rio aprove\u201d, disse Milton Leite na reuni\u00e3o de l\u00edderes.\n<\/p>\n<p>\u00a0<\/p>\n<p>O presidente da C\u00e2mara tamb\u00e9m afirmou que, se instaurada, a comiss\u00e3o ter\u00e1 sete membros. Dois ser\u00e3o indicados pelo bloco Uni\u00e3o Brasil-MDB, enquanto PT, PSOL, o bloco Podemos-PSD, Republicanos e PL ter\u00e3o uma indica\u00e7\u00e3o cada.\n<\/p>\n<p>Milton Leite \u00e9 aliado de Ricardo Nunes, mas teve desentendimentos com o atual prefeito durante a pr\u00e9-campanha. O vereador chegou a afirmar que a rela\u00e7\u00e3o com o emedebista estava uma \u201cmerda\u201d e considerou migrar para a campanha de Pablo Mar\u00e7al (PRTB).\n<\/p>\n<p>Caso seja instaurada, a comiss\u00e3o especial tem dez dias para apresentar o parecer pela admissibilidade ou n\u00e3o do pedido de cassa\u00e7\u00e3o. Ou seja, o parecer seria publicado pouco antes do primeiro turno, marcado para o dia 6\/10. Ap\u00f3s a apresenta\u00e7\u00e3o do relat\u00f3rio da comiss\u00e3o, o plen\u00e1rio precisa vot\u00e1-lo.\n<\/p>\n<p><strong>O pedido de cassa\u00e7\u00e3o de Ricardo Nunes<\/strong>\n<\/p>\n<p>Elaine alega que a Prefeitura de S\u00e3o Paulo descumpriu uma determina\u00e7\u00e3o do Tribunal de Justi\u00e7a do estado, que limitou a atua\u00e7\u00e3o da Guarda Civil Metropolitana (GCM) na Cracol\u00e2ndia, uma \u00e1rea na parte central da capital paulista que concentra pessoas em situa\u00e7\u00e3o de rua e usu\u00e1rios de drogas.\n<\/p>\n<p>O pedido que resultou na decis\u00e3o foi feito pelo Minist\u00e9rio P\u00fablico de S\u00e3o Paulo, em uma a\u00e7\u00e3o civil p\u00fablica que tamb\u00e9m conta com a participa\u00e7\u00e3o da Defensoria P\u00fablica. Pela determina\u00e7\u00e3o da ju\u00edza Gilsa Elena Rios, a GCM n\u00e3o poderia realizar \u201cqualquer opera\u00e7\u00e3o de natureza policial-militar no territ\u00f3rio dos Campos El\u00edseos e Luz \u2014 a denominada Cracol\u00e2ndia\u201d.\n<\/p>\n<p>Dessa forma, os guardas est\u00e3o proibidos de usar at\u00e9 muni\u00e7\u00e3o menos letal para dispersar as pessoas nas ruas.\n<\/p>\n<p>A vereadora aponta o descumprimento da decis\u00e3o judicial pelo prefeito Ricardo Nunes e cita dois epis\u00f3dios: a suposta viol\u00eancia indiscriminada da guarda durante o evento \u201cCraco Cultural: Festival de Resist\u00eancia\u201d, em 10\/8 deste ano; e as supostas agress\u00f5es e o uso indiscriminado de spray de pimenta durante opera\u00e7\u00f5es policiais no dia 12\/9.\n<\/p>\n<p><strong>Metr\u00f3poles\u00a0<\/strong> <\/p>\n<\/div>\n<p><br \/>\n<br \/><a href=\"https:\/\/diariodobrasilnoticias.com.br\/noticia\/a-camara-de-sao-paulo-ira-analisar-o-pedido-de-cassacao-de-ricardo-nunes-66f317222cc1c\">Source link <\/a><\/p>","protected":false},"excerpt":{"rendered":"<p>Presidente da C\u00e2mara Municipal de S\u00e3o Paulo, Milton Leite (Uni\u00e3o) pautar\u00e1 em plen\u00e1rio nesta ter\u00e7a-feira (24\/9) um pedido de cassa\u00e7\u00e3o do prefeito Ricardo Nunes (MDB), que tenta a reelei\u00e7\u00e3o. O&hellip;<\/p>","protected":false},"author":1,"featured_media":41365,"comment_status":"closed","ping_status":"open","sticky":false,"template":"","format":"standard","meta":{"content-type":"","footnotes":""},"categories":[16],"tags":[123,2448,5313,1267],"class_list":["post-41364","post","type-post","status-publish","format-standard","has-post-thumbnail","hentry","category-noticias","tag-brasil","tag-diario","tag-noticia","tag-noticias"],"_links":{"self":[{"href":"https:\/\/tvbrazilusa.com\/pt\/wp-json\/wp\/v2\/posts\/41364","targetHints":{"allow":["GET"]}}],"collection":[{"href":"https:\/\/tvbrazilusa.com\/pt\/wp-json\/wp\/v2\/posts"}],"about":[{"href":"https:\/\/tvbrazilusa.com\/pt\/wp-json\/wp\/v2\/types\/post"}],"author":[{"embeddable":true,"href":"https:\/\/tvbrazilusa.com\/pt\/wp-json\/wp\/v2\/users\/1"}],"replies":[{"embeddable":true,"href":"https:\/\/tvbrazilusa.com\/pt\/wp-json\/wp\/v2\/comments?post=41364"}],"version-history":[{"count":1,"href":"https:\/\/tvbrazilusa.com\/pt\/wp-json\/wp\/v2\/posts\/41364\/revisions"}],"predecessor-version":[{"id":41366,"href":"https:\/\/tvbrazilusa.com\/pt\/wp-json\/wp\/v2\/posts\/41364\/revisions\/41366"}],"wp:featuredmedia":[{"embeddable":true,"href":"https:\/\/tvbrazilusa.com\/pt\/wp-json\/wp\/v2\/media\/41365"}],"wp:attachment":[{"href":"https:\/\/tvbrazilusa.com\/pt\/wp-json\/wp\/v2\/media?parent=41364"}],"wp:term":[{"taxonomy":"category","embeddable":true,"href":"https:\/\/tvbrazilusa.com\/pt\/wp-json\/wp\/v2\/categories?post=41364"},{"taxonomy":"post_tag","embeddable":true,"href":"https:\/\/tvbrazilusa.com\/pt\/wp-json\/wp\/v2\/tags?post=41364"}],"curies":[{"name":"wp","href":"https:\/\/api.w.org\/{rel}","templated":true}]}}