{"id":41382,"date":"2024-09-24T23:21:19","date_gmt":"2024-09-24T23:21:19","guid":{"rendered":"https:\/\/tvbrazilusa.com\/2024\/09\/24\/advogado-que-agrediu-mulher-em-disputa-por-um-cachorro-foi-condenado-a-prisao\/"},"modified":"2024-09-24T23:21:20","modified_gmt":"2024-09-24T23:21:20","slug":"advogado-que-agrediu-mulher-em-disputa-por-um-cachorro-foi-condenado-a-prisao","status":"publish","type":"post","link":"https:\/\/tvbrazilusa.com\/pt\/2024\/09\/24\/advogado-que-agrediu-mulher-em-disputa-por-um-cachorro-foi-condenado-a-prisao\/","title":{"rendered":"Advogado que agrediu mulher em disputa por um cachorro foi condenado \u00e0 pris\u00e3o"},"content":{"rendered":"<p> <script async src=\"https:\/\/pagead2.googlesyndication.com\/pagead\/js\/adsbygoogle.js?client=ca-pub-8864793242727901\"\r\n     crossorigin=\"anonymous\"><\/script><br \/>\n<\/p>\n<div>\n<figure class=\"post-image\">\n<\/figure>\n<p><span style=\"font-size: 12px\">REPRODU\u00c7\u00c3O<\/span><\/p>\n<div id=\"taboola-read-more\" style=\"display:block; width:100%\">\n<p>O Tribunal de Justi\u00e7a do Distrito Federal e Territ\u00f3rios (TJDFT) condenou a quatro meses de pris\u00e3o, em regime inicialmente semiaberto, o advogado Cledmylson Lhayr Feydit Ferreira por les\u00e3o corporal. O homem \u00e9 acusado de ter agredido uma mulher, tamb\u00e9m advogada, ap\u00f3s ser repreendido por andar com o c\u00e3o sem coleira nem guia. O epis\u00f3dio aconteceu em mar\u00e7o de 2023.\n<\/p>\n<p>Inicialmente, o r\u00e9u foi condenado em primeira inst\u00e2ncia a quatro meses de deten\u00e7\u00e3o, em regime aberto, por agredir Giselle Piza de Oliveira, ap\u00f3s a discuss\u00e3o. Contudo, devido a reincid\u00eancia do advogado, a Justi\u00e7a mudou o regime para semiaberto.<\/p>\n<p>A defesa de Cledmylson alegou aus\u00eancia de dolo e leg\u00edtima defesa. No entanto, as provas, incluindo depoimentos e grava\u00e7\u00f5es, mostraram que ele iniciou as agress\u00f5es, desferindo socos e tapas, e impediu que a mulher filmasse o incidente.\n<\/p>\n<p>\u00a0<\/p>\n<blockquote>\n<p>\u201cAs circunst\u00e2ncias constatadas nos autos demonstram que o autor agiu com o objetivo de agredir a v\u00edtima, tanto que desce do carro e parte em sua dire\u00e7\u00e3o, agredindo-a, o que, por si s\u00f3, \u00e9 suficiente para afastar a tese defensiva de legitima defesa\u201d, contestou a ju\u00edza de direito Rita de C\u00e1ssia de Cerqueira.\n<\/p>\n<\/blockquote>\n<\/div>\n<p>No processo, o r\u00e9u tamb\u00e9m argumentou que a ofensa foi m\u00ednima e que n\u00e3o havia necessidade de a\u00e7\u00e3o penal. Todavia, o pedido do r\u00e9u para desclassificar o crime para vias de fato foi negado.\n<\/p>\n<p>\u00a0<\/p>\n<p>Por sua vez, a v\u00edtima tamb\u00e9m recorreu pedindo um aumento na pena, que tamb\u00e9m n\u00e3o foi aceito pela Justi\u00e7a.\n<\/p>\n<p>\u201cQuanto \u00e0 dosimetria da pena realizada pela senten\u00e7a, verifica-se que foram observados adequadamente os par\u00e2metros legais, motivo pelo qual n\u00e3o se mostra poss\u00edvel o acolhimento do pedido da assistente de acusa\u00e7\u00e3o. Por outro lado, considerando que acusado \u00e9 reincidente em crime doloso, deve ser fixado o regime inicial semiaberto para o cumprimento da pena\u201d, decidiu a magistrada.\n<\/p>\n<p>A decis\u00e3o n\u00e3o cabe mais recurso no TJDFT.\n<\/p>\n<h4>C\u00e3o piv\u00f4 de briga<\/h4>\n<p>O advogado foi detido por agredir uma advogada com socos e derrub\u00e1-la em um estacionamento no\u00a0<a href=\"https:\/\/www.metropoles.com\/pelas-cidades\/sudoesteoctogonal\">Sudoeste<\/a>, \u00e1rea nobre do Distrito Federal, no dia 20 de mar\u00e7o de 2023. O ataque ocorreu depois de uma discuss\u00e3o sobre c\u00e3es.\n<\/p>\n<p>A v\u00edtima, Giselle Piza, disse que seu agressor, Cledmylson Ferreira, estava com o cachorro solto. Dona de um shih-tzu, ela alertou o homem sobre o risco de acontecer um ataque, j\u00e1 que o pet dele, um cotton tullear, \u00e9 bem maior e estava sem focinheira. Em seguida, a mulher chamou a pol\u00edcia.\n<\/p>\n<p>Cledmylson tentou fugir, e Giselle pegou o celular para fotografar a placa do carro dele. Ao ver que a mulher estava gravando, o homem tomou o celular das m\u00e3os de Giselle e a agrediu.\n<\/p>\n<p>Testemunhas filmaram o momento da agress\u00e3o. Giselle levou dois socos no rosto, foi puxada pelos cabelos e derrubada no ch\u00e3o. Ela chegou a entrar no carro do advogado para impedir que ele fugisse do local.\n<\/p>\n<h4>Cachorro agressivo<\/h4>\n<p>Desde 2019, o dono do c\u00e3o, o advogado Cledmylson, \u00e9 alvo de diversas ocorr\u00eancias policiais, a maioria devido ao comportamento agressivo do cachorro e do tutor.\n<\/p>\n<p>Nas redes sociais, Pipoca \u201cposta\u201d fotos e v\u00eddeos chamando Cledmylson de \u201cmordomo\u201d. O pet aparece passeando no lago e cercado de carros importados e at\u00e9 mesmo ao lado de uma aeronave.\n<\/p>\n<p>Em fevereiro do ano passado, Cledmylson foi denunciado por um policial ap\u00f3s acidente de tr\u00e2nsito. De acordo com a ocorr\u00eancia registrada da 5\u00aa Delegacia de Pol\u00edcia (\u00e1rea central), o advogado dirigia com o bra\u00e7o para fora do ve\u00edculo. O c\u00e3o do suspeito tamb\u00e9m estava pendurado na janela. Com a vis\u00e3o do retrovisor comprometida, o advogado teria fechado o carro do policial e fugido.\n<\/p>\n<p>Em novembro do mesmo ano, o advogado foi denunciado na Delegacia Especial de Atendimento \u00e0 Mulher (Deam I), na Asa Sul, por les\u00e3o corporal e inj\u00faria racial. De acordo com a v\u00edtima, uma mulher de 55 anos, ela estava com um grupo de sete pessoas, na entrequadra QRSW 2\/3, com os seus respectivos cachorros, quando Pipoca, sem coleira e longe do tutor, se aproximou e come\u00e7ou a tentar mord\u00ea-la.\n<\/p>\n<p>O caso mais antigo \u00e9 de 2019. \u00c0 \u00e9poca, uma outra v\u00edtima contou \u00e0 pol\u00edcia que deixava seu apartamento e caminhava pelo corredor quando deu de cara com Pipoca, que passou a cheirar suas pernas. O advogado, que tomava caf\u00e9 no refeit\u00f3rio na companhia de um funcion\u00e1rio do pr\u00e9dio, deu um alerta ao seu c\u00e3o: \u201cVem Pipoca, vem! N\u00e3o morda esse merda, voc\u00ea vai pegar um c\u00e2ncer\u201d.\n<\/p>\n<p>A reportagem tentou contato com Cledmylson, que informou por meio de mensagem que \u201csobre o assunto em quest\u00e3o, ainda cabe recurso ao Supremo Tribunal de Justi\u00e7a e ao Supremo Tribunal Federal\u201d.\n<\/p>\n<p><strong>Metr\u00f3poles\u00a0<\/strong> <\/p>\n<\/div>\n<p><br \/>\n<br \/><a href=\"https:\/\/diariodobrasilnoticias.com.br\/noticia\/advogado-que-agrediu-mulher-em-disputa-por-um-cachorro-foi-condenado-a-prisao-66f31f3b1aa3c\">Source link <\/a><\/p>","protected":false},"excerpt":{"rendered":"<p>REPRODU\u00c7\u00c3O O Tribunal de Justi\u00e7a do Distrito Federal e Territ\u00f3rios (TJDFT) condenou a quatro meses de pris\u00e3o, em regime inicialmente semiaberto, o advogado Cledmylson Lhayr Feydit Ferreira por les\u00e3o corporal.&hellip;<\/p>","protected":false},"author":1,"featured_media":41383,"comment_status":"closed","ping_status":"open","sticky":false,"template":"","format":"standard","meta":{"content-type":"","footnotes":""},"categories":[16],"tags":[123,2448,5313,1267],"class_list":["post-41382","post","type-post","status-publish","format-standard","has-post-thumbnail","hentry","category-noticias","tag-brasil","tag-diario","tag-noticia","tag-noticias"],"_links":{"self":[{"href":"https:\/\/tvbrazilusa.com\/pt\/wp-json\/wp\/v2\/posts\/41382","targetHints":{"allow":["GET"]}}],"collection":[{"href":"https:\/\/tvbrazilusa.com\/pt\/wp-json\/wp\/v2\/posts"}],"about":[{"href":"https:\/\/tvbrazilusa.com\/pt\/wp-json\/wp\/v2\/types\/post"}],"author":[{"embeddable":true,"href":"https:\/\/tvbrazilusa.com\/pt\/wp-json\/wp\/v2\/users\/1"}],"replies":[{"embeddable":true,"href":"https:\/\/tvbrazilusa.com\/pt\/wp-json\/wp\/v2\/comments?post=41382"}],"version-history":[{"count":1,"href":"https:\/\/tvbrazilusa.com\/pt\/wp-json\/wp\/v2\/posts\/41382\/revisions"}],"predecessor-version":[{"id":41384,"href":"https:\/\/tvbrazilusa.com\/pt\/wp-json\/wp\/v2\/posts\/41382\/revisions\/41384"}],"wp:featuredmedia":[{"embeddable":true,"href":"https:\/\/tvbrazilusa.com\/pt\/wp-json\/wp\/v2\/media\/41383"}],"wp:attachment":[{"href":"https:\/\/tvbrazilusa.com\/pt\/wp-json\/wp\/v2\/media?parent=41382"}],"wp:term":[{"taxonomy":"category","embeddable":true,"href":"https:\/\/tvbrazilusa.com\/pt\/wp-json\/wp\/v2\/categories?post=41382"},{"taxonomy":"post_tag","embeddable":true,"href":"https:\/\/tvbrazilusa.com\/pt\/wp-json\/wp\/v2\/tags?post=41382"}],"curies":[{"name":"wp","href":"https:\/\/api.w.org\/{rel}","templated":true}]}}