{"id":41393,"date":"2024-09-24T23:48:56","date_gmt":"2024-09-24T23:48:56","guid":{"rendered":"https:\/\/tvbrazilusa.com\/2024\/09\/24\/moraes-recebe-laudo-criminologico-a-favor-de-daniel-silveira-mas-manda-fazer-informacoes-complementares\/"},"modified":"2024-09-24T23:48:57","modified_gmt":"2024-09-24T23:48:57","slug":"moraes-recebe-laudo-criminologico-a-favor-de-daniel-silveira-mas-manda-fazer-informacoes-complementares","status":"publish","type":"post","link":"https:\/\/tvbrazilusa.com\/pt\/2024\/09\/24\/moraes-recebe-laudo-criminologico-a-favor-de-daniel-silveira-mas-manda-fazer-informacoes-complementares\/","title":{"rendered":"Moraes recebe laudo criminol\u00f3gico a favor de Daniel Silveira mas manda fazer informa\u00e7\u00f5es complementares"},"content":{"rendered":"<p> <script async src=\"https:\/\/pagead2.googlesyndication.com\/pagead\/js\/adsbygoogle.js?client=ca-pub-8864793242727901\"\r\n     crossorigin=\"anonymous\"><\/script><br \/>\n<\/p>\n<div id=\"taboola-read-more\" style=\"display:block; width:100%\">\n<p>Nesta ter\u00e7a-feira, 24, o ministro Alexandre de Moraes, do Supremo Tribunal Federal (STF), mandou o governo do Rio de Janeiro complementar o exame criminol\u00f3gico de Daniel Silveira.\n<\/p>\n<p>Em 9 de setembro, a Secretaria de Administra\u00e7\u00e3o Penitenci\u00e1ria do Estado emitiu um parecer favor\u00e1vel ao ex-deputado.<\/p>\n<p>De acordo com a pasta, do ponto de vista psiqui\u00e1trico, \u201cn\u00e3o h\u00e1 fator impeditivo\u201d para a Justi\u00e7a conceder a progress\u00e3o do regime. Oeste obteve o laudo com exclusividade.\n<\/p>\n<p>H\u00e1 algumas semanas, a pedido da Procuradoria-Geral da Rep\u00fablica, Moraes solicitou o diagn\u00f3stico.\n<\/p>\n<p>Esse teste consiste na realiza\u00e7\u00e3o de an\u00e1lises dentro do pres\u00eddio a fim de saber se o detido tem condi\u00e7\u00f5es de voltar \u00e0 sociedade. Silveira se encontra em Bangu 8.\n<\/p>\n<p>Moraes, contudo, achou o posicionamento da secretaria insuficiente. \u201cDetermino que o exame criminol\u00f3gico seja devidamente complementado, com resposta aos quesitos formulados\u201d, escreveu o juiz do STF, no despacho publicado hoje.\n<\/p>\n<h2>Defesa de Daniel Silveira se manifestou<\/h2>\n<p>Em nota, o advogado Paulo Faria, que atua na defesa de Silveira, manifestou \u201cindigna\u00e7\u00e3o e repulsa\u201d ao novo pedido de Moraes.\n<\/p>\n<p>\u201cLamentavelmente, e n\u00e3o h\u00e1 mais disfarces por parte do relator, em atua\u00e7\u00e3o sincronizada e ilegal com o vice-PGR, em atrasar indefinidamente a progress\u00e3o de regime de Silveira, que hoje completou 144 dias al\u00e9m do prazo legalmente previsto no artigo 112 da Lei de Execu\u00e7\u00f5es Penais, que prev\u00ea o cumprimento de 25% de pena para ter esse direito\u201d, observou Faria, no documento.\n<\/p>\n<p><strong>Revista Oeste\u00a0<\/strong> <\/p>\n<\/div>\n<p><br \/>\n<br \/><a href=\"https:\/\/diariodobrasilnoticias.com.br\/noticia\/moraes-recebe-laudo-criminologico-a-favor-de-daniel-silveira-mas-manda-fazer-informacoes-complementares-66f32c76814a1\">Source link <\/a><\/p>","protected":false},"excerpt":{"rendered":"<p>Nesta ter\u00e7a-feira, 24, o ministro Alexandre de Moraes, do Supremo Tribunal Federal (STF), mandou o governo do Rio de Janeiro complementar o exame criminol\u00f3gico de Daniel Silveira. Em 9 de&hellip;<\/p>","protected":false},"author":1,"featured_media":41394,"comment_status":"closed","ping_status":"open","sticky":false,"template":"","format":"standard","meta":{"content-type":"","footnotes":""},"categories":[16],"tags":[123,2448,5313,1267],"class_list":["post-41393","post","type-post","status-publish","format-standard","has-post-thumbnail","hentry","category-noticias","tag-brasil","tag-diario","tag-noticia","tag-noticias"],"_links":{"self":[{"href":"https:\/\/tvbrazilusa.com\/pt\/wp-json\/wp\/v2\/posts\/41393","targetHints":{"allow":["GET"]}}],"collection":[{"href":"https:\/\/tvbrazilusa.com\/pt\/wp-json\/wp\/v2\/posts"}],"about":[{"href":"https:\/\/tvbrazilusa.com\/pt\/wp-json\/wp\/v2\/types\/post"}],"author":[{"embeddable":true,"href":"https:\/\/tvbrazilusa.com\/pt\/wp-json\/wp\/v2\/users\/1"}],"replies":[{"embeddable":true,"href":"https:\/\/tvbrazilusa.com\/pt\/wp-json\/wp\/v2\/comments?post=41393"}],"version-history":[{"count":1,"href":"https:\/\/tvbrazilusa.com\/pt\/wp-json\/wp\/v2\/posts\/41393\/revisions"}],"predecessor-version":[{"id":41395,"href":"https:\/\/tvbrazilusa.com\/pt\/wp-json\/wp\/v2\/posts\/41393\/revisions\/41395"}],"wp:featuredmedia":[{"embeddable":true,"href":"https:\/\/tvbrazilusa.com\/pt\/wp-json\/wp\/v2\/media\/41394"}],"wp:attachment":[{"href":"https:\/\/tvbrazilusa.com\/pt\/wp-json\/wp\/v2\/media?parent=41393"}],"wp:term":[{"taxonomy":"category","embeddable":true,"href":"https:\/\/tvbrazilusa.com\/pt\/wp-json\/wp\/v2\/categories?post=41393"},{"taxonomy":"post_tag","embeddable":true,"href":"https:\/\/tvbrazilusa.com\/pt\/wp-json\/wp\/v2\/tags?post=41393"}],"curies":[{"name":"wp","href":"https:\/\/api.w.org\/{rel}","templated":true}]}}