{"id":41400,"date":"2024-09-25T00:08:47","date_gmt":"2024-09-25T00:08:47","guid":{"rendered":"https:\/\/tvbrazilusa.com\/2024\/09\/25\/mulher-mostra-a-incrivel-diferenca-no-rosto-ao-desativar-filtros-em-apps-veja-video\/"},"modified":"2024-09-25T00:08:48","modified_gmt":"2024-09-25T00:08:48","slug":"mulher-mostra-a-incrivel-diferenca-no-rosto-ao-desativar-filtros-em-apps-veja-video","status":"publish","type":"post","link":"https:\/\/tvbrazilusa.com\/pt\/2024\/09\/25\/mulher-mostra-a-incrivel-diferenca-no-rosto-ao-desativar-filtros-em-apps-veja-video\/","title":{"rendered":"Mulher mostra a incr\u00edvel diferen\u00e7a no rosto ao desativar filtros em apps; VEJA V\u00cdDEO"},"content":{"rendered":"<p> <script async src=\"https:\/\/pagead2.googlesyndication.com\/pagead\/js\/adsbygoogle.js?client=ca-pub-8864793242727901\"\r\n     crossorigin=\"anonymous\"><\/script><br \/>\n<br \/>Mulher mostra a incr\u00edvel diferen\u00e7a no rosto ao desativar filtros em apps; VEJA V\u00cdDEO<br \/>\n<br \/><br \/>\n<br \/><a href=\"https:\/\/diariodobrasilnoticias.com.br\/noticia\/mulher-mostra-a-incrivel-diferenca-no-rosto-ao-desativar-filtros-em-apps-veja-video-66f32e8839ab0\">Source link <\/a><\/p>","protected":false},"excerpt":{"rendered":"<p>Mulher mostra a incr\u00edvel diferen\u00e7a no rosto ao desativar filtros em apps; VEJA V\u00cdDEO Source link<\/p>","protected":false},"author":1,"featured_media":41401,"comment_status":"closed","ping_status":"open","sticky":false,"template":"","format":"standard","meta":{"content-type":"","footnotes":""},"categories":[16],"tags":[123,2448,5313,1267],"class_list":["post-41400","post","type-post","status-publish","format-standard","has-post-thumbnail","hentry","category-noticias","tag-brasil","tag-diario","tag-noticia","tag-noticias"],"_links":{"self":[{"href":"https:\/\/tvbrazilusa.com\/pt\/wp-json\/wp\/v2\/posts\/41400","targetHints":{"allow":["GET"]}}],"collection":[{"href":"https:\/\/tvbrazilusa.com\/pt\/wp-json\/wp\/v2\/posts"}],"about":[{"href":"https:\/\/tvbrazilusa.com\/pt\/wp-json\/wp\/v2\/types\/post"}],"author":[{"embeddable":true,"href":"https:\/\/tvbrazilusa.com\/pt\/wp-json\/wp\/v2\/users\/1"}],"replies":[{"embeddable":true,"href":"https:\/\/tvbrazilusa.com\/pt\/wp-json\/wp\/v2\/comments?post=41400"}],"version-history":[{"count":1,"href":"https:\/\/tvbrazilusa.com\/pt\/wp-json\/wp\/v2\/posts\/41400\/revisions"}],"predecessor-version":[{"id":41402,"href":"https:\/\/tvbrazilusa.com\/pt\/wp-json\/wp\/v2\/posts\/41400\/revisions\/41402"}],"wp:featuredmedia":[{"embeddable":true,"href":"https:\/\/tvbrazilusa.com\/pt\/wp-json\/wp\/v2\/media\/41401"}],"wp:attachment":[{"href":"https:\/\/tvbrazilusa.com\/pt\/wp-json\/wp\/v2\/media?parent=41400"}],"wp:term":[{"taxonomy":"category","embeddable":true,"href":"https:\/\/tvbrazilusa.com\/pt\/wp-json\/wp\/v2\/categories?post=41400"},{"taxonomy":"post_tag","embeddable":true,"href":"https:\/\/tvbrazilusa.com\/pt\/wp-json\/wp\/v2\/tags?post=41400"}],"curies":[{"name":"wp","href":"https:\/\/api.w.org\/{rel}","templated":true}]}}