{"id":41455,"date":"2024-09-25T03:01:43","date_gmt":"2024-09-25T03:01:43","guid":{"rendered":"https:\/\/tvbrazilusa.com\/2024\/09\/25\/artigo-a-desonestidade-imprudente-do-ocidente-em-relacao-ao-libano-paulo-figueiredo\/"},"modified":"2024-09-25T03:04:09","modified_gmt":"2024-09-25T03:04:09","slug":"artigo-a-desonestidade-imprudente-do-ocidente-em-relacao-ao-libano-paulo-figueiredo","status":"publish","type":"post","link":"https:\/\/tvbrazilusa.com\/pt\/2024\/09\/25\/artigo-a-desonestidade-imprudente-do-ocidente-em-relacao-ao-libano-paulo-figueiredo\/","title":{"rendered":"Artigo &#8211; A desonestidade imprudente do Ocidente em rela\u00e7\u00e3o ao L\u00edbano &#8211; Paulo Figueiredo"},"content":{"rendered":"<p> <script async src=\"https:\/\/pagead2.googlesyndication.com\/pagead\/js\/adsbygoogle.js?client=ca-pub-8864793242727901\"\r\n     crossorigin=\"anonymous\"><\/script><br \/>\n<\/p>\n<div id=\"wtr-content\" data-bg=\"#FFFFFF\" data-fg=\"#006d91\" data-width=\"25\" data-mute=\"1\" data-fgopacity=\"1.00\" data-mutedopacity=\"0.5\" data-placement=\"bottom\" data-placement-offset=\"0\" data-content-offset=\"262\" data-placement-touch=\"bottom\" data-placement-offset-touch=\"0\" data-transparent=\"\" data-shadow=\"0\" data-touch=\"1\" data-non-touch=\"1\" data-comments=\"0\" data-commentsbg=\"transparent\" data-location=\"page\" data-mutedfg=\"#006d91\" data-endfg=\"#006d91\" data-rtl=\"\">\n<p><strong>Por Brendan O\u2019Neill<\/strong><\/p>\n<h3 class=\"wp-block-heading\">Por que o establishment pol\u00edtico e midi\u00e1tico n\u00e3o nos conta a verdade: que o grupo terrorista Hezbollah come\u00e7ou essa guerra terr\u00edvel?<\/h3>\n<p>Se um jovem rico com keffiyeh em um campus arborizado falasse sobre o confronto entre Israel e L\u00edbano sem mencionar a palavra \u2018Hezbollah\u2019 uma \u00fanica vez, ningu\u00e9m ficaria surpreso. Para os odiadores de Israel, que est\u00e3o em moda no Ocidente, o Estado judeu \u00e9 respons\u00e1vel por todos os males do Oriente M\u00e9dio, e seus inimigos s\u00e3o sempre inocentes. Mas um l\u00edder mundial fazer isso, discursar sobre essa batalha sangrenta sem mencionar o grupo terrorista implac\u00e1vel que iniciou o conflito com seus foguetes, \u00e9 imperdo\u00e1vel.<\/p>\n<\/div>\n<p><br \/>\n<br \/><a href=\"https:\/\/paulofigueiredoshow.com\/artigo-a-desonestidade-imprudente-do-ocidente-em-relacao-ao-libano\/\">Source link <\/a><\/p>","protected":false},"excerpt":{"rendered":"<p>Por Brendan O\u2019Neill Por que o establishment pol\u00edtico e midi\u00e1tico n\u00e3o nos conta a verdade: que o grupo terrorista Hezbollah come\u00e7ou essa guerra terr\u00edvel? Se um jovem rico com keffiyeh&hellip;<\/p>","protected":false},"author":1,"featured_media":41456,"comment_status":"closed","ping_status":"open","sticky":false,"template":"","format":"standard","meta":{"content-type":"","footnotes":""},"categories":[16],"tags":[],"class_list":["post-41455","post","type-post","status-publish","format-standard","has-post-thumbnail","hentry","category-noticias"],"_links":{"self":[{"href":"https:\/\/tvbrazilusa.com\/pt\/wp-json\/wp\/v2\/posts\/41455","targetHints":{"allow":["GET"]}}],"collection":[{"href":"https:\/\/tvbrazilusa.com\/pt\/wp-json\/wp\/v2\/posts"}],"about":[{"href":"https:\/\/tvbrazilusa.com\/pt\/wp-json\/wp\/v2\/types\/post"}],"author":[{"embeddable":true,"href":"https:\/\/tvbrazilusa.com\/pt\/wp-json\/wp\/v2\/users\/1"}],"replies":[{"embeddable":true,"href":"https:\/\/tvbrazilusa.com\/pt\/wp-json\/wp\/v2\/comments?post=41455"}],"version-history":[{"count":1,"href":"https:\/\/tvbrazilusa.com\/pt\/wp-json\/wp\/v2\/posts\/41455\/revisions"}],"predecessor-version":[{"id":41457,"href":"https:\/\/tvbrazilusa.com\/pt\/wp-json\/wp\/v2\/posts\/41455\/revisions\/41457"}],"wp:featuredmedia":[{"embeddable":true,"href":"https:\/\/tvbrazilusa.com\/pt\/wp-json\/wp\/v2\/media\/41456"}],"wp:attachment":[{"href":"https:\/\/tvbrazilusa.com\/pt\/wp-json\/wp\/v2\/media?parent=41455"}],"wp:term":[{"taxonomy":"category","embeddable":true,"href":"https:\/\/tvbrazilusa.com\/pt\/wp-json\/wp\/v2\/categories?post=41455"},{"taxonomy":"post_tag","embeddable":true,"href":"https:\/\/tvbrazilusa.com\/pt\/wp-json\/wp\/v2\/tags?post=41455"}],"curies":[{"name":"wp","href":"https:\/\/api.w.org\/{rel}","templated":true}]}}